{"id":929,"date":"2020-11-11T16:02:07","date_gmt":"2020-11-11T15:02:07","guid":{"rendered":"http:\/\/f6kmf.fr\/?p=929"},"modified":"2020-11-11T16:02:09","modified_gmt":"2020-11-11T15:02:09","slug":"le-crac-des-origines-a-nos-jours-un-travail-dhistorien","status":"publish","type":"post","link":"https:\/\/f6kmf.fr\/index.php\/2020\/11\/11\/le-crac-des-origines-a-nos-jours-un-travail-dhistorien\/","title":{"rendered":"Le CRAC des origines \u00e0 nos jours, un travail d&rsquo;historien ."},"content":{"rendered":"\n<p>\nLorsque Sylvain m&rsquo; a demand\u00e9 de\npr\u00e9parer un petit montage vid\u00e9o pour pr\u00e9senter le CRAC aux\nnouveaux membres, j&rsquo;ai failli dire non car la mati\u00e8re me manquait\ndurement. Puis \u2026&#8230;<\/p>\n\n\n\n<p>\tDans\nles archives du Club il y avait une boite de photos faites par le\nc\u00e9l\u00e8bre Raymond plus souvent d\u00e9nomm\u00e9 ZABEN .  Sylvain me l&rsquo; a\nconfi\u00e9e j&rsquo;ai regard\u00e9 , re-regard\u00e9 et ce fut le d\u00e9clic, j&rsquo;ai lanc\u00e9\nl&rsquo;op\u00e9ration.<\/p>\n\n\n\n<p>\tUn\ngrand merci \u00e0 tous ceux qui ont pu contribuer \u00e0 ce travail de\nsynth\u00e8se en r\u00e9pondant \u00e0 ma requ\u00eate et en me fournissant des\ndocuments , d&rsquo;authentiques souvenirs . Je dois cependant  vous\ndemander une certaine indulgence  quant \u00e0 la qualit\u00e9 de certains\n\u00e9l\u00e9ments anciens. La qualit\u00e9 des images et vid\u00e9ps de 2020 est\ntr\u00e8s loin de ce que nous jugions formidable il y a 20 ans, et le\ntranscodage n\u00e9cessaire pour s&rsquo; adapter aux normes actuelles\nn&rsquo;am\u00e9liore rien bien s\u00fbr. Mais l&rsquo;aspect documentaire prime sur l&rsquo;\nesth\u00e8tique.<\/p>\n\n\n\n<p>\tLe\ndernier morceau de bravoure de ce document sera la manifestation du\nMont Beuvray en 2004&nbsp;: ARCHEO-RADIO . Apr\u00e8s  je passe la main\naux nouveaux pour rassembler des documents illustrant la vie r\u00e9cente\ndu club, les conserver et \u00e9crire la suite.<\/p>\n\n\n\n<p><strong>Marcel F5EFV  <\/strong><\/p>\n\n\n\n<p><em>Rappel : 02\/01\/1975\u00a0&#8211; Cr\u00e9ation de l&rsquo;association, 23\/01\/1975\u00a0&#8211; Publication JO de l&rsquo;avis de cr\u00e9ation de l&rsquo;association<\/em><\/p>\n","protected":false},"excerpt":{"rendered":"<p>Lorsque Sylvain m&rsquo; a demand\u00e9 de pr\u00e9parer un petit montage vid\u00e9o pour pr\u00e9senter le CRAC aux nouveaux membres, j&rsquo;ai failli<\/p>\n","protected":false},"author":4,"featured_media":930,"comment_status":"open","ping_status":"closed","sticky":false,"template":"","format":"standard","meta":{"colormag_page_container_layout":"default_layout","colormag_page_sidebar_layout":"default_layout","footnotes":""},"categories":[11,22],"tags":[],"class_list":["post-929","post","type-post","status-publish","format-standard","has-post-thumbnail","hentry","category-activites-radio","category-reunions-et-moments-de-convivialite"],"_links":{"self":[{"href":"https:\/\/f6kmf.fr\/index.php\/wp-json\/wp\/v2\/posts\/929","targetHints":{"allow":["GET"]}}],"collection":[{"href":"https:\/\/f6kmf.fr\/index.php\/wp-json\/wp\/v2\/posts"}],"about":[{"href":"https:\/\/f6kmf.fr\/index.php\/wp-json\/wp\/v2\/types\/post"}],"author":[{"embeddable":true,"href":"https:\/\/f6kmf.fr\/index.php\/wp-json\/wp\/v2\/users\/4"}],"replies":[{"embeddable":true,"href":"https:\/\/f6kmf.fr\/index.php\/wp-json\/wp\/v2\/comments?post=929"}],"version-history":[{"count":1,"href":"https:\/\/f6kmf.fr\/index.php\/wp-json\/wp\/v2\/posts\/929\/revisions"}],"predecessor-version":[{"id":931,"href":"https:\/\/f6kmf.fr\/index.php\/wp-json\/wp\/v2\/posts\/929\/revisions\/931"}],"wp:featuredmedia":[{"embeddable":true,"href":"https:\/\/f6kmf.fr\/index.php\/wp-json\/wp\/v2\/media\/930"}],"wp:attachment":[{"href":"https:\/\/f6kmf.fr\/index.php\/wp-json\/wp\/v2\/media?parent=929"}],"wp:term":[{"taxonomy":"category","embeddable":true,"href":"https:\/\/f6kmf.fr\/index.php\/wp-json\/wp\/v2\/categories?post=929"},{"taxonomy":"post_tag","embeddable":true,"href":"https:\/\/f6kmf.fr\/index.php\/wp-json\/wp\/v2\/tags?post=929"}],"curies":[{"name":"wp","href":"https:\/\/api.w.org\/{rel}","templated":true}]}}