{"id":4285,"date":"2026-03-14T10:03:26","date_gmt":"2026-03-14T09:03:26","guid":{"rendered":"https:\/\/f6kmf.fr\/?p=4285"},"modified":"2026-03-16T21:04:04","modified_gmt":"2026-03-16T20:04:04","slug":"19-mars-a-lecoute-de-sophie-adenot-contact-ariss","status":"publish","type":"post","link":"https:\/\/f6kmf.fr\/index.php\/2026\/03\/14\/19-mars-a-lecoute-de-sophie-adenot-contact-ariss\/","title":{"rendered":"19 mars : \u00e0 l&rsquo;\u00e9coute de Sophie ADENOT (contact ARISS)"},"content":{"rendered":"\n<figure class=\"wp-block-image aligncenter size-medium\"><img loading=\"lazy\" decoding=\"async\" width=\"240\" height=\"300\" src=\"https:\/\/f6kmf.fr\/wp-content\/uploads\/2026\/01\/image-30-240x300.png\" alt=\"\" class=\"wp-image-4146\" srcset=\"https:\/\/f6kmf.fr\/wp-content\/uploads\/2026\/01\/image-30-240x300.png 240w, https:\/\/f6kmf.fr\/wp-content\/uploads\/2026\/01\/image-30.png 768w\" sizes=\"auto, (max-width: 240px) 100vw, 240px\" \/><\/figure>\n\n\n\n<p class=\"has-cm-color-3-color has-cm-color-2-background-color has-text-color has-background has-link-color wp-elements-f4c0982ef3d0c3d384a6327b2e346e0e\"><strong>Le jeudi 19 mars 2026 vers 17:15 UTC<\/strong> (18:12 heure de Paris), Sophie ADENOT \u00e0 bord de l&rsquo;ISS a rendez-vous avec les \u00e9tudiants du Lewis Center for Educational Research aux \u00e9tats unis. C&rsquo;est une organisation \u00e9ducative situ\u00e9e \u00e0 Apple Valley, en Californie. Elle est constitu\u00e9e de deux \u00e9coles, l&rsquo;Academy for Academic Excellence d&rsquo;Apple Valley et la Norton Science and Language Academy de San Bernardino.<\/p>\n\n\n\n<p class=\"has-cm-color-4-color has-cm-color-6-background-color has-text-color has-background has-link-color has-large-font-size wp-elements-a2f33f764eb2bc71f1673bb4d206e757\"><strong>La liaison sera assur\u00e9e par la station du radioamateur italien IK1SLD et donc parfaitement audible depuis la France. Le contact sera en anglais sur 145.800 MHz (+\/-3 KHz de doppler) en FM \u00e9troite.<\/strong><\/p>\n\n\n\n<figure class=\"wp-block-image size-full\"><img loading=\"lazy\" decoding=\"async\" width=\"849\" height=\"55\" src=\"https:\/\/f6kmf.fr\/wp-content\/uploads\/2026\/03\/image-24.png\" alt=\"\" class=\"wp-image-4289\" srcset=\"https:\/\/f6kmf.fr\/wp-content\/uploads\/2026\/03\/image-24.png 849w, https:\/\/f6kmf.fr\/wp-content\/uploads\/2026\/03\/image-24-300x19.png 300w, https:\/\/f6kmf.fr\/wp-content\/uploads\/2026\/03\/image-24-768x50.png 768w\" sizes=\"auto, (max-width: 849px) 100vw, 849px\" \/><\/figure>\n\n\n\n<figure class=\"wp-block-image aligncenter size-full\"><img loading=\"lazy\" decoding=\"async\" width=\"745\" height=\"500\" src=\"https:\/\/f6kmf.fr\/wp-content\/uploads\/2026\/03\/image-23.png\" alt=\"\" class=\"wp-image-4288\" srcset=\"https:\/\/f6kmf.fr\/wp-content\/uploads\/2026\/03\/image-23.png 745w, https:\/\/f6kmf.fr\/wp-content\/uploads\/2026\/03\/image-23-300x201.png 300w\" sizes=\"auto, (max-width: 745px) 100vw, 745px\" \/><\/figure>\n\n\n\n<p><\/p>\n\n\n\n<p><strong>Les questions pr\u00e9par\u00e9es par les \u00e9tudiants :<\/strong><\/p>\n\n\n\n<p>1. Quelles langues parlez-vous ou avez-vous d\u00fb apprendre pour travailler dans le programme spatial&nbsp;?<br>2. Lors des prises de vue, comment les cam\u00e9ras sont-elles prot\u00e9g\u00e9es du soleil et des \u00e9l\u00e9ments spatiaux&nbsp;?<br>3. Quelles mati\u00e8res scolaires vous ont le plus aid\u00e9 \u00e0 devenir astronaute&nbsp;?<br>4. Qui ou quoi vous a inspir\u00e9 durant votre enfance et vous a donn\u00e9 envie de devenir astronaute&nbsp;?<br>5. Quelle invention souhaiteriez-vous voir cr\u00e9\u00e9e pour vous faciliter la vie \u00e0 bord de l\u2019ISS&nbsp;? 6.<br>Quel mat\u00e9riel ou logiciel utilis\u00e9 actuellement sur l\u2019ISS pensez-vous \u00eatre l\u2019\u00e9l\u00e9ment d\u00e9terminant pour les \u00e9quipages d\u2019Artemis se rendant au p\u00f4le son lunaire&nbsp;? 7.<br>Dans quelle mesure utilisez-vous l\u2019IA dans vos missions&nbsp;?<br>8. Quelle est l\u2019alarme la plus inqui\u00e9tante qui puisse se d\u00e9clencher et comment vous y pr\u00e9parez-vous&nbsp;?<br>9. Quelle a \u00e9t\u00e9 la plus grande difficult\u00e9 lors du retour sur Terre apr\u00e8s un s\u00e9jour dans l\u2019espace&nbsp;?<br>10. Si nous avions les moyens \u00e9conomiques de cr\u00e9er, \u00e0 la surface de Mars des conditions similaires \u00e0 la Terre avec la technologie actuelle, \u00e0 quelle vitesse cela se produirait il&nbsp;? Ou cela se produirait il&nbsp;?<br>11. Sur quelles exp\u00e9riences travaillez-vous actuellement&nbsp;?<br>12. Quelle est la plus belle chose que vous ayez vue dans l\u2019espace et qu\u2019un appareil photo ne peut pas capturer&nbsp;?<br>13. Quel est l\u2019incendie ou la temp\u00eate la plus int\u00e9ressante que vous ayez pu observer depuis l\u2019espace&nbsp;?<br>14. Avec toute cette stimulation technologique, est-il difficile de s\u2019endormir \u00e0 bord de l\u2019ISS&nbsp;?<br>15. Quel est l\u2019\u00e9quipement le plus important et le plus amusant \u00e0 bord de l\u2019ISS&nbsp;? 16.<br>Y a-t-il quelque chose que vous pensiez impossible avant d\u2019aller dans l\u2019espace, mais que vous avez d\u00e9couvert ensuite \u00eatre possible&nbsp;?<br>17. Si nous voulons vivre sur Mars, nous devons cultiver notre propre nourriture. D\u2019apr\u00e8s les exp\u00e9riences sur les plantes actuellement men\u00e9es \u00e0 bord de l\u2019ISS, quel est le plus grand d\u00e9fi pour cr\u00e9er une source de nourriture viable&nbsp;?<br>18. Sachant que l\u2019eau et le feu r\u00e9agissent diff\u00e9remment dans l\u2019espace, comment r\u00e9agissent-ils ensemble&nbsp;?<br>19. Que se passe-t-il si une microm\u00e9t\u00e9orite percute l\u2019ISS et y cr\u00e9e un trou&nbsp;?<br>20. Comment votre perspective de l\u2019univers a-t-elle chang\u00e9 depuis que vous l\u2019avez observ\u00e9 depuis l\u2019espace&nbsp;?<br>21. D&rsquo;autres modules ou partenaires internationaux seront-ils ajout\u00e9s \u00e0 l&rsquo;ISS&nbsp;?<br>22. Les astronautes peuvent-ils attraper un rhume, la grippe ou d&rsquo;autres maladies \u00e0 bord de l&rsquo;ISS&nbsp;?<br>23. Depuis la Terre, il faut se trouver \u00e0 environ 400 kilom\u00e8tres d&rsquo;altitude pour atteindre la microgravit\u00e9. \u00c0 quelle distance de la Lune faudrait-il voyager pour exp\u00e9rimenter l&rsquo;apesanteur&nbsp;?<\/p>\n","protected":false},"excerpt":{"rendered":"<p>Le jeudi 19 mars 2026 vers 17:15 UTC (18:12 heure de Paris), Sophie ADENOT \u00e0 bord de l&rsquo;ISS a rendez-vous<\/p>\n","protected":false},"author":1,"featured_media":4146,"comment_status":"closed","ping_status":"closed","sticky":false,"template":"","format":"standard","meta":{"colormag_page_container_layout":"default_layout","colormag_page_sidebar_layout":"default_layout","footnotes":""},"categories":[5,131,8],"tags":[88,51,152],"class_list":["post-4285","post","type-post","status-publish","format-standard","has-post-thumbnail","hentry","category-activite-iss","category-contact-ariss","category-satellites","tag-ariss","tag-iss","tag-sophie-adenot"],"_links":{"self":[{"href":"https:\/\/f6kmf.fr\/index.php\/wp-json\/wp\/v2\/posts\/4285","targetHints":{"allow":["GET"]}}],"collection":[{"href":"https:\/\/f6kmf.fr\/index.php\/wp-json\/wp\/v2\/posts"}],"about":[{"href":"https:\/\/f6kmf.fr\/index.php\/wp-json\/wp\/v2\/types\/post"}],"author":[{"embeddable":true,"href":"https:\/\/f6kmf.fr\/index.php\/wp-json\/wp\/v2\/users\/1"}],"replies":[{"embeddable":true,"href":"https:\/\/f6kmf.fr\/index.php\/wp-json\/wp\/v2\/comments?post=4285"}],"version-history":[{"count":4,"href":"https:\/\/f6kmf.fr\/index.php\/wp-json\/wp\/v2\/posts\/4285\/revisions"}],"predecessor-version":[{"id":4293,"href":"https:\/\/f6kmf.fr\/index.php\/wp-json\/wp\/v2\/posts\/4285\/revisions\/4293"}],"wp:featuredmedia":[{"embeddable":true,"href":"https:\/\/f6kmf.fr\/index.php\/wp-json\/wp\/v2\/media\/4146"}],"wp:attachment":[{"href":"https:\/\/f6kmf.fr\/index.php\/wp-json\/wp\/v2\/media?parent=4285"}],"wp:term":[{"taxonomy":"category","embeddable":true,"href":"https:\/\/f6kmf.fr\/index.php\/wp-json\/wp\/v2\/categories?post=4285"},{"taxonomy":"post_tag","embeddable":true,"href":"https:\/\/f6kmf.fr\/index.php\/wp-json\/wp\/v2\/tags?post=4285"}],"curies":[{"name":"wp","href":"https:\/\/api.w.org\/{rel}","templated":true}]}}