{"id":4134,"date":"2026-01-22T16:33:21","date_gmt":"2026-01-22T15:33:21","guid":{"rendered":"https:\/\/f6kmf.fr\/?p=4134"},"modified":"2026-01-30T18:27:21","modified_gmt":"2026-01-30T17:27:21","slug":"satellites-amateurs-sstv-premiers-essais-et-anniversaire","status":"publish","type":"post","link":"https:\/\/f6kmf.fr\/index.php\/2026\/01\/22\/satellites-amateurs-sstv-premiers-essais-et-anniversaire\/","title":{"rendered":"Satellites amateurs : SSTV, premiers essais,  anniversaire et messages."},"content":{"rendered":"\n<h2 class=\"wp-block-heading has-cm-color-3-color has-cm-color-6-background-color has-text-color has-background has-link-color wp-elements-88fa4577984e1fa5ec5df8c8a6913e15\">SSTV d\u00e9but f\u00e9vrier.<\/h2>\n\n\n\n<figure class=\"wp-block-image aligncenter size-full\"><img loading=\"lazy\" decoding=\"async\" width=\"800\" height=\"445\" src=\"https:\/\/f6kmf.fr\/wp-content\/uploads\/2026\/01\/image-33.png\" alt=\"\" class=\"wp-image-4150\" srcset=\"https:\/\/f6kmf.fr\/wp-content\/uploads\/2026\/01\/image-33.png 800w, https:\/\/f6kmf.fr\/wp-content\/uploads\/2026\/01\/image-33-300x167.png 300w, https:\/\/f6kmf.fr\/wp-content\/uploads\/2026\/01\/image-33-768x427.png 768w\" sizes=\"auto, (max-width: 800px) 100vw, 800px\" \/><\/figure>\n\n\n\n<p class=\"has-cm-color-4-color has-cm-color-7-background-color has-text-color has-background has-link-color wp-elements-5c9f5ca58b123992b888f6b79468189c\">Pour c\u00e9l\u00e9brer le 80e anniversaire de l&rsquo;Institut de physique nucl\u00e9aire Skobeltsyn de l&rsquo;Universit\u00e9 d&rsquo;\u00c9tat de Moscou Lomonossov, <strong>le satellite MONITOR-3 (RS58S) effectuera une retransmission radio th\u00e9matique d&rsquo;images selon le protocole SSTV.<\/strong><br><br>D\u00e9but de la transmission : 30 janvier 2026 vers 09h00 UTC.<br>Fin de la transmission : 2 f\u00e9vrier 2026 vers 18h30 UTC.<br>Format : SSTV Robot 36.<br>L&rsquo;intervalle entre les transmissions est de 120 secondes<br>Fr\u00e9quence de \u00ab MONITOR-3 (RS58S) \u00bb 435,290 MHz<\/p>\n\n\n\n<figure class=\"wp-block-image aligncenter size-full\"><img loading=\"lazy\" decoding=\"async\" width=\"1000\" height=\"818\" src=\"https:\/\/f6kmf.fr\/wp-content\/uploads\/2026\/01\/image-27.png\" alt=\"\" class=\"wp-image-4135\" srcset=\"https:\/\/f6kmf.fr\/wp-content\/uploads\/2026\/01\/image-27.png 1000w, https:\/\/f6kmf.fr\/wp-content\/uploads\/2026\/01\/image-27-300x245.png 300w, https:\/\/f6kmf.fr\/wp-content\/uploads\/2026\/01\/image-27-768x628.png 768w\" sizes=\"auto, (max-width: 1000px) 100vw, 1000px\" \/><\/figure>\n\n\n\n<p class=\"has-cm-color-4-color has-cm-color-7-background-color has-text-color has-background has-link-color wp-elements-87173040566760d199d9648bae2ba5bb\">LABRE est l&rsquo;association nationale qui repr\u00e9sente la radioamateur br\u00e9silienne aupr\u00e8s des autorit\u00e9s br\u00e9siliennes et internationales. Elle est membre de la R\u00e9gion 2 de l&rsquo;IARU (Union internationale des radioamateurs). Ce d\u00e9but d&rsquo;ann\u00e9e, l&rsquo;association f\u00eate ses 92 ans.<br><br><strong>Un \u00e9v\u00e8nement SSTV est pr\u00e9vu \u00e0 partir du satellite universitaires russe UMKA-1<\/strong><br><br>D\u00e9but le <strong>6\/2\/202<\/strong>6 00:30 UTC <br>Fin le <strong>09\/02\/2026<\/strong><br>Une image toutes les 3 minutes<br>Fr\u00e9quence&nbsp;:<strong> 437.625 MHz<\/strong> +- 10kHz Doppler <br>Mode&nbsp;: Robot36<\/p>\n\n\n\n<p><\/p>\n\n\n\n<h2 class=\"wp-block-heading has-cm-color-4-color has-cm-color-5-background-color has-text-color has-background has-link-color wp-elements-216a2cba01ff4f8392b298678b23da31\">R\u00e9p\u00e9teur FM du CubeSat QMR-KWT-2 (RS95S) <\/h2>\n\n\n\n<p class=\"has-cm-color-4-color has-cm-color-1-background-color has-text-color has-background has-link-color wp-elements-c1a64858c7da75b8444d0ae3e1822afa\">Le 28 d\u00e9cembre 2025, le CubeSat QMR-KWT-2 d\u00e9velopp\u00e9 par Orbital Space bas\u00e9e \u00e0 Duba\u00ef, mais dirig\u00e9e par une \u00e9quipe du Kuwait \u00e0 \u00e9t\u00e9 plac\u00e9 en orbite lors d&rsquo;un lancement de Soyouz-2.1b.<br><br>Le r\u00e9p\u00e9teur FM de se nouveau satellite a \u00e9t\u00e9 activ\u00e9 pour test le <strong>17 janvier 2026<\/strong> pour la premi\u00e8re fois.<br>Activation du r\u00e9p\u00e9teur : 17\/01\/2026 \u00e0 08:15 Loc<br>D\u00e9sactivation du r\u00e9p\u00e9teur : 17\/01\/2026 \u00e0 22:00 Loc<\/p>\n\n\n\n<figure class=\"wp-block-video\"><video height=\"356\" style=\"aspect-ratio: 640 \/ 356;\" width=\"640\" controls src=\"https:\/\/f6kmf.fr\/wp-content\/uploads\/2026\/01\/AQOzEbwL16GQkogpf4sw51VuowQeWOJvY3JSomz7e8Gg90R02t64njftkiM2kt-RMxODjlh6X5yp5luD2Jakvp7eQNRi5WtBdO-AEBa0sQ.mp4\"><\/video><\/figure>\n\n\n\n<p class=\"has-cm-color-4-color has-cm-color-1-background-color has-text-color has-background has-link-color wp-elements-ba0789af95622b23e05c305f9db1f503\">Liaison montante : 145,920 MHz <br>Liaison descendante : 436,950 MHz <br>CTCSS : 67 Hz <br><br>Il y avait 4 passages de QMR-KWT au dessus de la Bourgogne (heure locale) : <br><\/p>\n\n\n\n<figure class=\"wp-block-table is-style-stripes\"><table class=\"has-fixed-layout\"><tbody><tr><td>Heure d\u00e9but<\/td><td class=\"has-text-align-center\" data-align=\"center\">\u00e9l\u00e9vation maxi<\/td><td>dur\u00e9e passage<\/td><td>distance <\/td><\/tr><tr><td>09:46:47<\/td><td class=\"has-text-align-center\" data-align=\"center\">2.8\u00b0<\/td><td>5:40<\/td><td>501.9 km<\/td><\/tr><tr><td>11:18:32<\/td><td class=\"has-text-align-center\" data-align=\"center\">52.1\u00b0 <\/td><td> 11:22<\/td><td>501.9 km<\/td><\/tr><tr><td>12:52:49 <\/td><td class=\"has-text-align-center\" data-align=\"center\">3.6\u00b0<\/td><td>9:33 <\/td><td>503.4 km<\/td><\/tr><tr><td>20:29:44<\/td><td class=\"has-text-align-center\" data-align=\"center\">2.4\u00b0 <\/td><td>5:04 <\/td><td>511.9 km <\/td><\/tr><\/tbody><\/table><\/figure>\n\n\n\n<p class=\"has-cm-color-3-color has-cm-color-1-background-color has-text-color has-background has-link-color wp-elements-ddcc8d2da579f055b38d76739f8d2d34\">Lors du premier passage 9h46, le satellite \u00e9tait \u00e0 l&rsquo;horizon au dessus de l&rsquo;Europe de l&rsquo;est, il y avait peu de station, et j&rsquo;ai contact\u00e9 2 stations italiennes, par contre lors du passage au dessus de l&rsquo;Europe de l&rsquo;Ouest \u00e0 11h18, il y avait tant de monde &#8230; que je n&rsquo;ai m\u00eame pas appel\u00e9 &#8230; <br>Le troisi\u00e8me passage \u00e9tait plus calme, et j&rsquo;ai contact\u00e9 4 stations dans d&rsquo;excellentes conditions.<\/p>\n\n\n\n<figure class=\"wp-block-image size-full\"><img loading=\"lazy\" decoding=\"async\" width=\"703\" height=\"369\" src=\"https:\/\/f6kmf.fr\/wp-content\/uploads\/2026\/01\/image-28.png\" alt=\"\" class=\"wp-image-4137\" srcset=\"https:\/\/f6kmf.fr\/wp-content\/uploads\/2026\/01\/image-28.png 703w, https:\/\/f6kmf.fr\/wp-content\/uploads\/2026\/01\/image-28-300x157.png 300w, https:\/\/f6kmf.fr\/wp-content\/uploads\/2026\/01\/image-28-390x205.png 390w\" sizes=\"auto, (max-width: 703px) 100vw, 703px\" \/><\/figure>\n\n\n\n<p><\/p>\n\n\n\n<h2 class=\"wp-block-heading has-cm-color-3-color has-cm-color-5-background-color has-text-color has-background has-link-color wp-elements-f4cdb8ee3f39ee28c0d58b418713348c\">Le satellite LASARSAT f\u00eate son anniversaire.<\/h2>\n\n\n\n<p class=\"has-cm-color-4-color has-cm-color-1-background-color has-text-color has-background has-link-color wp-elements-72723acd006127d413c8c9ab3657b8c9\">La mission LASARsat, est men\u00e9e par l&rsquo;\u00e9quipe LASAR, lyc\u00e9enne tch\u00e8que et vise \u00e0 tester des lasers de haute puissance pour la gestion des d\u00e9bris spatiaux. Le satellite est \u00e9quip\u00e9 d&rsquo;un miroir parabolique qui concentre l&rsquo;\u00e9nergie laser. Les donn\u00e9es de t\u00e9l\u00e9m\u00e9trie sont \u00e9mises sur <strong>436,925 MHz.<\/strong><br>En ce moment il transmet aussi ses v\u0153ux et un message d&rsquo;anniversaire (en orbite depuis un an).<\/p>\n\n\n\n<figure class=\"wp-block-image size-large\"><img loading=\"lazy\" decoding=\"async\" width=\"1024\" height=\"576\" src=\"https:\/\/f6kmf.fr\/wp-content\/uploads\/2026\/01\/lasersat-1024x576.jpg\" alt=\"\" class=\"wp-image-4142\" srcset=\"https:\/\/f6kmf.fr\/wp-content\/uploads\/2026\/01\/lasersat-1024x576.jpg 1024w, https:\/\/f6kmf.fr\/wp-content\/uploads\/2026\/01\/lasersat-300x169.jpg 300w, https:\/\/f6kmf.fr\/wp-content\/uploads\/2026\/01\/lasersat-768x432.jpg 768w, https:\/\/f6kmf.fr\/wp-content\/uploads\/2026\/01\/lasersat.jpg 1323w\" sizes=\"auto, (max-width: 1024px) 100vw, 1024px\" \/><\/figure>\n\n\n\n<p><\/p>\n\n\n\n<h2 class=\"wp-block-heading has-cm-color-3-color has-cm-color-5-background-color has-text-color has-background has-link-color wp-elements-f3f36ca7ceb8934cff9562d4fd4f06c5\">Un message du satellite Crocube<\/h2>\n\n\n\n<p class=\"has-cm-color-3-color has-cm-color-1-background-color has-text-color has-background has-link-color wp-elements-dd2992fe3f89fa2b925051c64f0d90bc\">La mission CroCube est le premier satellite croate con\u00e7u pour soutenir les activit\u00e9s radioamateurs, promouvoir l&rsquo;\u00e9ducation et populariser les sciences et l&rsquo;ing\u00e9nierie dans le pays.&nbsp;Il est en orbite depuis un peu plus d&rsquo;un an maintenant.<\/p>\n\n\n\n<figure class=\"wp-block-image size-large\"><img loading=\"lazy\" decoding=\"async\" width=\"1024\" height=\"576\" src=\"https:\/\/f6kmf.fr\/wp-content\/uploads\/2026\/01\/crocube-1024x576.jpg\" alt=\"\" class=\"wp-image-4143\" srcset=\"https:\/\/f6kmf.fr\/wp-content\/uploads\/2026\/01\/crocube-1024x576.jpg 1024w, https:\/\/f6kmf.fr\/wp-content\/uploads\/2026\/01\/crocube-300x169.jpg 300w, https:\/\/f6kmf.fr\/wp-content\/uploads\/2026\/01\/crocube-768x432.jpg 768w, https:\/\/f6kmf.fr\/wp-content\/uploads\/2026\/01\/crocube.jpg 1323w\" sizes=\"auto, (max-width: 1024px) 100vw, 1024px\" \/><\/figure>\n","protected":false},"excerpt":{"rendered":"<p>SSTV d\u00e9but f\u00e9vrier. Pour c\u00e9l\u00e9brer le 80e anniversaire de l&rsquo;Institut de physique nucl\u00e9aire Skobeltsyn de l&rsquo;Universit\u00e9 d&rsquo;\u00c9tat de Moscou Lomonossov,<\/p>\n","protected":false},"author":1,"featured_media":4135,"comment_status":"closed","ping_status":"closed","sticky":false,"template":"","format":"standard","meta":{"colormag_page_container_layout":"default_layout","colormag_page_sidebar_layout":"default_layout","footnotes":""},"categories":[30,1,8,37,75],"tags":[39,56],"class_list":["post-4134","post","type-post","status-publish","format-standard","has-post-thumbnail","hentry","category-deploiement-satellites","category-non-classe","category-satellites","category-sstv","category-telemetrie","tag-satellites","tag-umka-1"],"_links":{"self":[{"href":"https:\/\/f6kmf.fr\/index.php\/wp-json\/wp\/v2\/posts\/4134","targetHints":{"allow":["GET"]}}],"collection":[{"href":"https:\/\/f6kmf.fr\/index.php\/wp-json\/wp\/v2\/posts"}],"about":[{"href":"https:\/\/f6kmf.fr\/index.php\/wp-json\/wp\/v2\/types\/post"}],"author":[{"embeddable":true,"href":"https:\/\/f6kmf.fr\/index.php\/wp-json\/wp\/v2\/users\/1"}],"replies":[{"embeddable":true,"href":"https:\/\/f6kmf.fr\/index.php\/wp-json\/wp\/v2\/comments?post=4134"}],"version-history":[{"count":4,"href":"https:\/\/f6kmf.fr\/index.php\/wp-json\/wp\/v2\/posts\/4134\/revisions"}],"predecessor-version":[{"id":4152,"href":"https:\/\/f6kmf.fr\/index.php\/wp-json\/wp\/v2\/posts\/4134\/revisions\/4152"}],"wp:featuredmedia":[{"embeddable":true,"href":"https:\/\/f6kmf.fr\/index.php\/wp-json\/wp\/v2\/media\/4135"}],"wp:attachment":[{"href":"https:\/\/f6kmf.fr\/index.php\/wp-json\/wp\/v2\/media?parent=4134"}],"wp:term":[{"taxonomy":"category","embeddable":true,"href":"https:\/\/f6kmf.fr\/index.php\/wp-json\/wp\/v2\/categories?post=4134"},{"taxonomy":"post_tag","embeddable":true,"href":"https:\/\/f6kmf.fr\/index.php\/wp-json\/wp\/v2\/tags?post=4134"}],"curies":[{"name":"wp","href":"https:\/\/api.w.org\/{rel}","templated":true}]}}