{"id":4114,"date":"2026-01-22T09:55:15","date_gmt":"2026-01-22T08:55:15","guid":{"rendered":"https:\/\/f6kmf.fr\/?p=4114"},"modified":"2026-01-22T09:58:13","modified_gmt":"2026-01-22T08:58:13","slug":"contact-entre-liss-et-une-ecole-de-saint-remy-71-la-suite","status":"publish","type":"post","link":"https:\/\/f6kmf.fr\/index.php\/2026\/01\/22\/contact-entre-liss-et-une-ecole-de-saint-remy-71-la-suite\/","title":{"rendered":"Contact entre l\u2019ISS et une \u00e9cole de Saint R\u00e9my (71), la suite &#8230;."},"content":{"rendered":"\n<p class=\"has-cm-color-6-color has-light-green-cyan-to-vivid-green-cyan-gradient-background has-text-color has-background has-link-color has-medium-font-size wp-elements-5a5464c23fcdd067b6a9a05fcde3477b\"><strong>Les jeunes de la classe de CM1-CM2 de l\u2019\u00e9cole Henri CLEMENT et ceux du radio club F6KMF se lancent dans l\u2019aventure (spatiale !)<\/strong><br>Pr\u00e9c\u00e9dents articles <a href=\"https:\/\/f6kmf.fr\/index.php\/2025\/12\/16\/contact-entre-liss-et-une-ecole-de-saint-remy-71-lactivite-principale-de-f6kmf-pour-2026\/\">ICI<\/a> et <a href=\"https:\/\/f6kmf.fr\/index.php\/2025\/12\/16\/contact-entre-liss-et-une-ecole-de-saint-remy-71-le-calendrier-saccelere\/\">LA<\/a> !<\/p>\n\n\n\n<figure class=\"wp-block-image size-large\"><img loading=\"lazy\" decoding=\"async\" width=\"1024\" height=\"236\" src=\"https:\/\/f6kmf.fr\/wp-content\/uploads\/2026\/01\/image-26-1024x236.png\" alt=\"\" class=\"wp-image-4131\" srcset=\"https:\/\/f6kmf.fr\/wp-content\/uploads\/2026\/01\/image-26-1024x236.png 1024w, https:\/\/f6kmf.fr\/wp-content\/uploads\/2026\/01\/image-26-300x69.png 300w, https:\/\/f6kmf.fr\/wp-content\/uploads\/2026\/01\/image-26-768x177.png 768w, https:\/\/f6kmf.fr\/wp-content\/uploads\/2026\/01\/image-26.png 1239w\" sizes=\"auto, (max-width: 1024px) 100vw, 1024px\" \/><\/figure>\n\n\n\n<h2 class=\"wp-block-heading has-cm-color-4-color has-cm-color-2-background-color has-text-color has-background has-link-color wp-elements-c41bf3904e37473acf36027109c260f3\">Seconde intervention du radio club \u00e0 l\u2019\u00e9cole pour les CM1-CM2 2025\/2026 :<\/h2>\n\n\n\n<figure class=\"wp-block-table is-style-stripes\"><table class=\"has-border-color has-cm-color-5-border-color\"><tbody><tr><td>Objectif p\u00e9dagogique<\/td><td>Moyens<\/td><td>Dur\u00e9e<\/td><td>Heure<\/td><\/tr><tr><td>Mesurer le niveau d\u2019information<\/td><td>Remue-m\u00e9ninges, notre premi\u00e8re rencontre&nbsp;?<\/td><td>Q\/R 5 mn<\/td><td>14h00<\/td><\/tr><tr><td>D\u00e9couvrir que les ondes radio sont de l\u2019\u00e9lectricit\u00e9<\/td><td>A l\u2019aide du Pocket allumer \u00e0 distance une LED (faire circuler dans la classe)<\/td><td>5 mn<\/td><td>14h05<\/td><\/tr><tr><td>Prendre conscience que les ondes sont pr\u00e9sentent partout&nbsp;!<\/td><td>Vid\u00e9o \u00ab les ondes \u00e9lectromagn\u00e9tiques \u00bb ( extrait de <a href=\"https:\/\/www.youtube.com\/watch?v=D7ya7Gjblvo\">LES ONDES RADIO &#8211; Dossier #34 &#8211; L&rsquo;Esprit Sorcier<\/a>)<\/td><td>Vid\u00e9o 6 mn Q\/R 4 mn<\/td><td>14h10<\/td><\/tr><tr><td>Comprendre les d\u00e9buts de la radiodiffusion<\/td><td>Vid\u00e9o \u00ab L\u2019histoire de la radio \u00bb (extrait de <a href=\"https:\/\/www.youtube.com\/watch?v=D7ya7Gjblvo\">LES ONDES RADIO &#8211; Dossier #34 &#8211; L&rsquo;Esprit Sorcier<\/a>)<\/td><td>Vid\u00e9o 5 mn Q\/R 5 mn<\/td><td>14h20<\/td><\/tr><tr><td>D\u00e9couvrir la r\u00e9alisation et l\u2019utilisation d\u2019un r\u00e9cepteur radioamateur<\/td><td>Vid\u00e9o \u00ab Ils construisent leur r\u00e9cepteur et \u00e9coutent Thomas PESQUET \u00bb (des jeunes du radio club ont \u00e9tudi\u00e9 et construit un r\u00e9cepteur pilot\u00e9 par arduino <a href=\"https:\/\/youtu.be\/5EYnGiOTSmU\">https:\/\/youtu.be\/5EYnGiOTSmU<\/a>) <\/td><td>Vid\u00e9o 2 mn Q\/R 6 mn<\/td><td>14h30<\/td><\/tr><tr><td>Se familiariser avec le t\u00e9l\u00e9graphe CHAPPE et le code MORSE<\/td><td>2 groupes CHAPPE, 2 groupes MORSE: les enfants choisissent un mot de 5 lettres par groupe, ils effectuent le codage puis tentent de transmettre le mot \u00e0 l\u2019autre groupe (chaque enfant = une lettre)<\/td><td>Explic 5 mn choix mot et codage 10 mn transmis. 20 mn<\/td><td>14h40<\/td><\/tr><tr><td>Retenir les principaux \u00e9l\u00e9ments de ce premier rendez-vous<\/td><td>Questions \/ r\u00e9ponses<\/td><td>10 mn<\/td><td>15h15<\/td><\/tr><\/tbody><\/table><\/figure>\n\n\n\n<figure class=\"wp-block-gallery has-nested-images columns-default is-cropped wp-block-gallery-1 is-layout-flex wp-block-gallery-is-layout-flex\">\n<figure class=\"wp-block-image size-large\"><img loading=\"lazy\" decoding=\"async\" width=\"1024\" height=\"768\" data-id=\"4121\" src=\"https:\/\/f6kmf.fr\/wp-content\/uploads\/2026\/01\/IMG_20260112_150109-1-1024x768.jpg\" alt=\"\" class=\"wp-image-4121\" srcset=\"https:\/\/f6kmf.fr\/wp-content\/uploads\/2026\/01\/IMG_20260112_150109-1-1024x768.jpg 1024w, https:\/\/f6kmf.fr\/wp-content\/uploads\/2026\/01\/IMG_20260112_150109-1-300x225.jpg 300w, https:\/\/f6kmf.fr\/wp-content\/uploads\/2026\/01\/IMG_20260112_150109-1-768x576.jpg 768w, https:\/\/f6kmf.fr\/wp-content\/uploads\/2026\/01\/IMG_20260112_150109-1-1536x1152.jpg 1536w, https:\/\/f6kmf.fr\/wp-content\/uploads\/2026\/01\/IMG_20260112_150109-1-2048x1536.jpg 2048w\" sizes=\"auto, (max-width: 1024px) 100vw, 1024px\" \/><\/figure>\n\n\n\n<figure class=\"wp-block-image size-large\"><img loading=\"lazy\" decoding=\"async\" width=\"1024\" height=\"768\" data-id=\"4122\" src=\"https:\/\/f6kmf.fr\/wp-content\/uploads\/2026\/01\/IMG_20260112_150839-1-1024x768.jpg\" alt=\"\" class=\"wp-image-4122\" srcset=\"https:\/\/f6kmf.fr\/wp-content\/uploads\/2026\/01\/IMG_20260112_150839-1-1024x768.jpg 1024w, https:\/\/f6kmf.fr\/wp-content\/uploads\/2026\/01\/IMG_20260112_150839-1-300x225.jpg 300w, https:\/\/f6kmf.fr\/wp-content\/uploads\/2026\/01\/IMG_20260112_150839-1-768x576.jpg 768w, https:\/\/f6kmf.fr\/wp-content\/uploads\/2026\/01\/IMG_20260112_150839-1-1536x1152.jpg 1536w, https:\/\/f6kmf.fr\/wp-content\/uploads\/2026\/01\/IMG_20260112_150839-1-2048x1536.jpg 2048w\" sizes=\"auto, (max-width: 1024px) 100vw, 1024px\" \/><\/figure>\n<\/figure>\n\n\n\n<p class=\"has-background\" style=\"background:linear-gradient(135deg,rgb(238,238,238) 79%,rgb(169,184,195) 100%)\"><strong>Notre seconde rencontre, ce qu&rsquo;il faut retenir :<\/strong><br><br>Artemis II est la deuxi\u00e8me mission spatiale du programme Artemis de la NASA dont l&rsquo;objectif final est de ramener des humains \u00e0 la surface de la Lune d&rsquo;ici 2028 avec peut-\u00eatre Thomas PESQUET.<br>En f\u00e9vrier 2026 la mission doit emmener un \u00e9quipage compos\u00e9 de trois astronautes am\u00e9ricains et d&rsquo;un astronaute canadien autour de la Lune avant de revenir sur Terre.<br><br><strong>L&rsquo;\u00e9cole Henri Cl\u00e9ment sera du voyage ! Son nom est inscrit sur une carte SD qui sera embarqu\u00e9e \u00e0 bord d&rsquo;Orion lors du lancement de la mission Artemis II<\/strong><\/p>\n\n\n\n<figure class=\"wp-block-image size-large\"><img loading=\"lazy\" decoding=\"async\" width=\"1024\" height=\"423\" src=\"https:\/\/f6kmf.fr\/wp-content\/uploads\/2026\/01\/image-21-1024x423.png\" alt=\"\" class=\"wp-image-4124\" srcset=\"https:\/\/f6kmf.fr\/wp-content\/uploads\/2026\/01\/image-21-1024x423.png 1024w, https:\/\/f6kmf.fr\/wp-content\/uploads\/2026\/01\/image-21-300x124.png 300w, https:\/\/f6kmf.fr\/wp-content\/uploads\/2026\/01\/image-21-768x317.png 768w, https:\/\/f6kmf.fr\/wp-content\/uploads\/2026\/01\/image-21.png 1484w\" sizes=\"auto, (max-width: 1024px) 100vw, 1024px\" \/><\/figure>\n\n\n\n<p class=\"has-background\" style=\"background:linear-gradient(135deg,rgb(238,238,238) 0%,rgb(169,184,195) 98%)\"><strong>Sophie Adeno<\/strong>t va rejoindre la Station Spatiale internationale (ISS) plus t\u00f4t que pr\u00e9vu. \u00c0 la suite de l&rsquo;annonce de l&rsquo;\u00e9vacuation de quatre membres d&rsquo;un \u00e9quipage \u00e0 bord de l&rsquo;ISS pour des raisons de sant\u00e9, la mission Epsilon pourrait \u00eatre avanc\u00e9e vers le 11 f\u00e9vrier 2026.<\/p>\n\n\n\n<figure class=\"wp-block-image aligncenter size-medium\"><img loading=\"lazy\" decoding=\"async\" width=\"240\" height=\"300\" src=\"https:\/\/f6kmf.fr\/wp-content\/uploads\/2026\/01\/image-22-240x300.png\" alt=\"\" class=\"wp-image-4125\" srcset=\"https:\/\/f6kmf.fr\/wp-content\/uploads\/2026\/01\/image-22-240x300.png 240w, https:\/\/f6kmf.fr\/wp-content\/uploads\/2026\/01\/image-22-819x1024.png 819w, https:\/\/f6kmf.fr\/wp-content\/uploads\/2026\/01\/image-22-768x960.png 768w, https:\/\/f6kmf.fr\/wp-content\/uploads\/2026\/01\/image-22-1229x1536.png 1229w, https:\/\/f6kmf.fr\/wp-content\/uploads\/2026\/01\/image-22.png 1638w\" sizes=\"auto, (max-width: 240px) 100vw, 240px\" \/><\/figure>\n\n\n\n<p class=\"has-light-green-cyan-to-vivid-green-cyan-gradient-background has-background\"><strong>Les ondes radio<\/strong> sont cr\u00e9\u00e9es par l&rsquo;\u00e9lectricit\u00e9 circulant \u00e0 travers une antenne, (produisant un champ \u00e9lectromagn\u00e9tique), il est possible d\u2019\u00e9clairer une lampe LED avec un talkie-walkie sans autre \u00e9nergie que l\u2019onde \u00e9mise.<\/p>\n\n\n\n<figure class=\"wp-block-image aligncenter size-full\"><img loading=\"lazy\" decoding=\"async\" width=\"533\" height=\"838\" src=\"https:\/\/f6kmf.fr\/wp-content\/uploads\/2026\/01\/image-23.png\" alt=\"\" class=\"wp-image-4126\" srcset=\"https:\/\/f6kmf.fr\/wp-content\/uploads\/2026\/01\/image-23.png 533w, https:\/\/f6kmf.fr\/wp-content\/uploads\/2026\/01\/image-23-191x300.png 191w\" sizes=\"auto, (max-width: 533px) 100vw, 533px\" \/><\/figure>\n\n\n\n<p class=\"has-light-green-cyan-to-vivid-green-cyan-gradient-background has-background\">Avec la vid\u00e9o sur <strong>les ondes \u00e9lectromagn\u00e9tiques<\/strong>, nous avons appris que nous sommes entour\u00e9s d\u2019ondes et qu\u2019elles se comportent diff\u00e9remment en fonction de leur fr\u00e9quence (voir tableau)<\/p>\n\n\n\n<figure class=\"wp-block-image size-full\"><img loading=\"lazy\" decoding=\"async\" width=\"1005\" height=\"381\" src=\"https:\/\/f6kmf.fr\/wp-content\/uploads\/2026\/01\/image-24.png\" alt=\"\" class=\"wp-image-4127\" srcset=\"https:\/\/f6kmf.fr\/wp-content\/uploads\/2026\/01\/image-24.png 1005w, https:\/\/f6kmf.fr\/wp-content\/uploads\/2026\/01\/image-24-300x114.png 300w, https:\/\/f6kmf.fr\/wp-content\/uploads\/2026\/01\/image-24-768x291.png 768w\" sizes=\"auto, (max-width: 1005px) 100vw, 1005px\" \/><\/figure>\n\n\n\n<p class=\"has-light-green-cyan-to-vivid-green-cyan-gradient-background has-background\">Avec la vid\u00e9o sur <strong>les d\u00e9but de la radio<\/strong>, nous savons qu\u2019entre 1700 et 1850 le t\u00e9l\u00e9graphe de CHAPPE permettait d&rsquo;envoyer des messages (visuels) \u00e0 travers la France. En 1830 Samuel MORSE met au point le code qui porte son nom et qui est toujours utilis\u00e9 aujourd\u2019hui. En 1888 Heinrich HERTZ d\u00e9couvre les ondes radio (son nom est utilis\u00e9 comme unit\u00e9 de mesure de la fr\u00e9quence). Edouard BRANLY invente le premier r\u00e9cepteur en 1890. En 1896 Guglielmo Marconi r\u00e9alise la premi\u00e8re liaison radio.<\/p>\n\n\n\n<figure class=\"wp-block-image aligncenter size-full\"><img loading=\"lazy\" decoding=\"async\" width=\"415\" height=\"729\" src=\"https:\/\/f6kmf.fr\/wp-content\/uploads\/2026\/01\/Capture-decran-2026-01-22-092543.png\" alt=\"\" class=\"wp-image-4123\" srcset=\"https:\/\/f6kmf.fr\/wp-content\/uploads\/2026\/01\/Capture-decran-2026-01-22-092543.png 415w, https:\/\/f6kmf.fr\/wp-content\/uploads\/2026\/01\/Capture-decran-2026-01-22-092543-171x300.png 171w\" sizes=\"auto, (max-width: 415px) 100vw, 415px\" \/><\/figure>\n\n\n\n<p class=\"has-light-green-cyan-to-vivid-green-cyan-gradient-background has-background\">Apr\u00e8s avoir \u00e9cout\u00e9 Thomas Pesquet avec un r\u00e9cepteur fabriqu\u00e9 par un jeune du radio club, nous savons que l\u2019onde \u00e9mise par l\u2019ISS \u00e0 destination des \u00e9coles est sur la fr\u00e9quence de 145.800 Mhz (145.800 M\u00e9gahertz donc 145.800.000 Hertz)<\/p>\n\n\n\n<figure class=\"wp-block-embed is-type-video is-provider-youtube wp-block-embed-youtube wp-embed-aspect-16-9 wp-has-aspect-ratio\"><div class=\"wp-block-embed__wrapper\">\n<iframe loading=\"lazy\" title=\"Ils fabriquent leurs r\u00e9cepteurs et \u00e9coutent Thomas Pesquet en direct de l&#039;ISS.\" width=\"800\" height=\"450\" src=\"https:\/\/www.youtube.com\/embed\/5EYnGiOTSmU?feature=oembed\" frameborder=\"0\" allow=\"accelerometer; autoplay; clipboard-write; encrypted-media; gyroscope; picture-in-picture; web-share\" referrerpolicy=\"strict-origin-when-cross-origin\" allowfullscreen><\/iframe>\n<\/div><\/figure>\n\n\n\n<p class=\"has-light-green-cyan-to-vivid-green-cyan-gradient-background has-background\">Nous nous sommes entra\u00een\u00e9s au<strong> codage et au d\u00e9codage des messages en langage Morse mais aussi avec le t\u00e9l\u00e9graphe de Chappe<\/strong>.<\/p>\n\n\n\n<figure class=\"wp-block-image size-large\"><img loading=\"lazy\" decoding=\"async\" width=\"1024\" height=\"510\" src=\"https:\/\/f6kmf.fr\/wp-content\/uploads\/2026\/01\/image-25-1024x510.png\" alt=\"\" class=\"wp-image-4128\" srcset=\"https:\/\/f6kmf.fr\/wp-content\/uploads\/2026\/01\/image-25-1024x510.png 1024w, https:\/\/f6kmf.fr\/wp-content\/uploads\/2026\/01\/image-25-300x150.png 300w, https:\/\/f6kmf.fr\/wp-content\/uploads\/2026\/01\/image-25-768x383.png 768w, https:\/\/f6kmf.fr\/wp-content\/uploads\/2026\/01\/image-25-1536x766.png 1536w, https:\/\/f6kmf.fr\/wp-content\/uploads\/2026\/01\/image-25.png 1653w\" sizes=\"auto, (max-width: 1024px) 100vw, 1024px\" \/><\/figure>\n\n\n\n<p class=\"has-cm-color-3-color has-cm-color-2-background-color has-text-color has-background has-link-color has-medium-font-size wp-elements-d3091d1ca5f6a1de94d3f149dd2ebdad\">Une bien belle aventure \u00e0 suivre \u2026\u2026.<br>Vous pouvez-vous abonner \u00e0 notre lettre d\u2019information ->\u00a0<a href=\"https:\/\/f6kmf.fr\/index.php\/nous-contacter\/\">ICI<\/a><\/p>\n\n\n\n<p><\/p>\n","protected":false},"excerpt":{"rendered":"<p>Les jeunes de la classe de CM1-CM2 de l\u2019\u00e9cole Henri CLEMENT et ceux du radio club F6KMF se lancent dans<\/p>\n","protected":false},"author":1,"featured_media":4128,"comment_status":"closed","ping_status":"closed","sticky":false,"template":"","format":"standard","meta":{"colormag_page_container_layout":"default_layout","colormag_page_sidebar_layout":"default_layout","footnotes":""},"categories":[10,131,28,1],"tags":[],"class_list":["post-4114","post","type-post","status-publish","format-standard","has-post-thumbnail","hentry","category-atelier-jeunes","category-contact-ariss","category-formation","category-non-classe"],"_links":{"self":[{"href":"https:\/\/f6kmf.fr\/index.php\/wp-json\/wp\/v2\/posts\/4114","targetHints":{"allow":["GET"]}}],"collection":[{"href":"https:\/\/f6kmf.fr\/index.php\/wp-json\/wp\/v2\/posts"}],"about":[{"href":"https:\/\/f6kmf.fr\/index.php\/wp-json\/wp\/v2\/types\/post"}],"author":[{"embeddable":true,"href":"https:\/\/f6kmf.fr\/index.php\/wp-json\/wp\/v2\/users\/1"}],"replies":[{"embeddable":true,"href":"https:\/\/f6kmf.fr\/index.php\/wp-json\/wp\/v2\/comments?post=4114"}],"version-history":[{"count":6,"href":"https:\/\/f6kmf.fr\/index.php\/wp-json\/wp\/v2\/posts\/4114\/revisions"}],"predecessor-version":[{"id":4132,"href":"https:\/\/f6kmf.fr\/index.php\/wp-json\/wp\/v2\/posts\/4114\/revisions\/4132"}],"wp:featuredmedia":[{"embeddable":true,"href":"https:\/\/f6kmf.fr\/index.php\/wp-json\/wp\/v2\/media\/4128"}],"wp:attachment":[{"href":"https:\/\/f6kmf.fr\/index.php\/wp-json\/wp\/v2\/media?parent=4114"}],"wp:term":[{"taxonomy":"category","embeddable":true,"href":"https:\/\/f6kmf.fr\/index.php\/wp-json\/wp\/v2\/categories?post=4114"},{"taxonomy":"post_tag","embeddable":true,"href":"https:\/\/f6kmf.fr\/index.php\/wp-json\/wp\/v2\/tags?post=4114"}],"curies":[{"name":"wp","href":"https:\/\/api.w.org\/{rel}","templated":true}]}}