{"id":3603,"date":"2025-04-16T09:37:13","date_gmt":"2025-04-16T07:37:13","guid":{"rendered":"https:\/\/f6kmf.fr\/?p=3603"},"modified":"2025-04-17T11:38:47","modified_gmt":"2025-04-17T09:38:47","slug":"actualite-iss-mi-avril-2025","status":"publish","type":"post","link":"https:\/\/f6kmf.fr\/index.php\/2025\/04\/16\/actualite-iss-mi-avril-2025\/","title":{"rendered":"Actualit\u00e9 ISS mi-avril 2025"},"content":{"rendered":"\n<h2 class=\"wp-block-heading\">Derniers passages de l&rsquo;ISS pour l&rsquo;\u00e9v\u00e8nement SSTV de ce mois d&rsquo;avril.<\/h2>\n\n\n\n<figure class=\"wp-block-image size-full\"><img loading=\"lazy\" decoding=\"async\" width=\"834\" height=\"126\" src=\"https:\/\/f6kmf.fr\/wp-content\/uploads\/2025\/04\/image-7.png\" alt=\"\" class=\"wp-image-3604\" srcset=\"https:\/\/f6kmf.fr\/wp-content\/uploads\/2025\/04\/image-7.png 834w, https:\/\/f6kmf.fr\/wp-content\/uploads\/2025\/04\/image-7-300x45.png 300w, https:\/\/f6kmf.fr\/wp-content\/uploads\/2025\/04\/image-7-768x116.png 768w\" sizes=\"auto, (max-width: 834px) 100vw, 834px\" \/><\/figure>\n\n\n\n<figure class=\"wp-block-gallery has-nested-images columns-default is-cropped wp-block-gallery-1 is-layout-flex wp-block-gallery-is-layout-flex\">\n<figure class=\"wp-block-image size-large\"><img loading=\"lazy\" decoding=\"async\" width=\"640\" height=\"496\" data-id=\"3605\" src=\"https:\/\/f6kmf.fr\/wp-content\/uploads\/2025\/04\/1204iss1.jpg\" alt=\"\" class=\"wp-image-3605\" srcset=\"https:\/\/f6kmf.fr\/wp-content\/uploads\/2025\/04\/1204iss1.jpg 640w, https:\/\/f6kmf.fr\/wp-content\/uploads\/2025\/04\/1204iss1-300x233.jpg 300w\" sizes=\"auto, (max-width: 640px) 100vw, 640px\" \/><\/figure>\n\n\n\n<figure class=\"wp-block-image size-large\"><img loading=\"lazy\" decoding=\"async\" width=\"640\" height=\"496\" data-id=\"3606\" src=\"https:\/\/f6kmf.fr\/wp-content\/uploads\/2025\/04\/1204iss2.jpg\" alt=\"\" class=\"wp-image-3606\" srcset=\"https:\/\/f6kmf.fr\/wp-content\/uploads\/2025\/04\/1204iss2.jpg 640w, https:\/\/f6kmf.fr\/wp-content\/uploads\/2025\/04\/1204iss2-300x233.jpg 300w\" sizes=\"auto, (max-width: 640px) 100vw, 640px\" \/><\/figure>\n\n\n\n<figure class=\"wp-block-image size-large\"><img loading=\"lazy\" decoding=\"async\" width=\"640\" height=\"496\" data-id=\"3607\" src=\"https:\/\/f6kmf.fr\/wp-content\/uploads\/2025\/04\/1204iss3bis.jpg\" alt=\"\" class=\"wp-image-3607\" srcset=\"https:\/\/f6kmf.fr\/wp-content\/uploads\/2025\/04\/1204iss3bis.jpg 640w, https:\/\/f6kmf.fr\/wp-content\/uploads\/2025\/04\/1204iss3bis-300x233.jpg 300w\" sizes=\"auto, (max-width: 640px) 100vw, 640px\" \/><\/figure>\n\n\n\n<figure class=\"wp-block-image size-large\"><img loading=\"lazy\" decoding=\"async\" width=\"640\" height=\"496\" data-id=\"3608\" src=\"https:\/\/f6kmf.fr\/wp-content\/uploads\/2025\/04\/1204iss5.jpg\" alt=\"\" class=\"wp-image-3608\" srcset=\"https:\/\/f6kmf.fr\/wp-content\/uploads\/2025\/04\/1204iss5.jpg 640w, https:\/\/f6kmf.fr\/wp-content\/uploads\/2025\/04\/1204iss5-300x233.jpg 300w\" sizes=\"auto, (max-width: 640px) 100vw, 640px\" \/><\/figure>\n\n\n\n<figure class=\"wp-block-image size-large\"><img loading=\"lazy\" decoding=\"async\" width=\"640\" height=\"496\" data-id=\"3612\" src=\"https:\/\/f6kmf.fr\/wp-content\/uploads\/2025\/04\/1204iss6bis.jpg\" alt=\"\" class=\"wp-image-3612\" srcset=\"https:\/\/f6kmf.fr\/wp-content\/uploads\/2025\/04\/1204iss6bis.jpg 640w, https:\/\/f6kmf.fr\/wp-content\/uploads\/2025\/04\/1204iss6bis-300x233.jpg 300w\" sizes=\"auto, (max-width: 640px) 100vw, 640px\" \/><\/figure>\n\n\n\n<figure class=\"wp-block-image size-large\"><img loading=\"lazy\" decoding=\"async\" width=\"640\" height=\"496\" data-id=\"3609\" src=\"https:\/\/f6kmf.fr\/wp-content\/uploads\/2025\/04\/1204iss7bis.jpg\" alt=\"\" class=\"wp-image-3609\" srcset=\"https:\/\/f6kmf.fr\/wp-content\/uploads\/2025\/04\/1204iss7bis.jpg 640w, https:\/\/f6kmf.fr\/wp-content\/uploads\/2025\/04\/1204iss7bis-300x233.jpg 300w\" sizes=\"auto, (max-width: 640px) 100vw, 640px\" \/><\/figure>\n\n\n\n<figure class=\"wp-block-image size-large\"><img loading=\"lazy\" decoding=\"async\" width=\"640\" height=\"496\" data-id=\"3610\" src=\"https:\/\/f6kmf.fr\/wp-content\/uploads\/2025\/04\/1204iss8.jpg\" alt=\"\" class=\"wp-image-3610\" srcset=\"https:\/\/f6kmf.fr\/wp-content\/uploads\/2025\/04\/1204iss8.jpg 640w, https:\/\/f6kmf.fr\/wp-content\/uploads\/2025\/04\/1204iss8-300x233.jpg 300w\" sizes=\"auto, (max-width: 640px) 100vw, 640px\" \/><\/figure>\n\n\n\n<figure class=\"wp-block-image size-large\"><img loading=\"lazy\" decoding=\"async\" width=\"640\" height=\"496\" data-id=\"3611\" src=\"https:\/\/f6kmf.fr\/wp-content\/uploads\/2025\/04\/1204iss12.jpg\" alt=\"\" class=\"wp-image-3611\" srcset=\"https:\/\/f6kmf.fr\/wp-content\/uploads\/2025\/04\/1204iss12.jpg 640w, https:\/\/f6kmf.fr\/wp-content\/uploads\/2025\/04\/1204iss12-300x233.jpg 300w\" sizes=\"auto, (max-width: 640px) 100vw, 640px\" \/><\/figure>\n\n\n\n<figure class=\"wp-block-image size-large\"><img loading=\"lazy\" decoding=\"async\" width=\"640\" height=\"496\" data-id=\"3613\" src=\"https:\/\/f6kmf.fr\/wp-content\/uploads\/2025\/04\/1204issX.jpg\" alt=\"\" class=\"wp-image-3613\" srcset=\"https:\/\/f6kmf.fr\/wp-content\/uploads\/2025\/04\/1204issX.jpg 640w, https:\/\/f6kmf.fr\/wp-content\/uploads\/2025\/04\/1204issX-300x233.jpg 300w\" sizes=\"auto, (max-width: 640px) 100vw, 640px\" \/><\/figure>\n<\/figure>\n\n\n\n<p><\/p>\n\n\n\n<h2 class=\"wp-block-heading\">Un contact radioamateur pr\u00e9vu le 18\/04\/2025 entre l&rsquo;ISS et une \u00e9cole.<\/h2>\n\n\n\n<figure class=\"wp-block-image aligncenter size-full\"><img loading=\"lazy\" decoding=\"async\" width=\"249\" height=\"203\" src=\"https:\/\/f6kmf.fr\/wp-content\/uploads\/2025\/04\/image-8.png\" alt=\"\" class=\"wp-image-3614\"\/><\/figure>\n\n\n\n<p class=\"has-background\" style=\"background-color:#8dd2fc78\">Un contact radioamateur est pr\u00e9vu <strong>ce vendredi 18 avril 2025 \u00e0 12:26 heure fran\u00e7aise.<\/strong><br>Il aura lieu entre l\u2019astronaute Nichole Ayers (KJ5GWI) et Pan-African Citizen Science e-lab de&nbsp;Abuja au Nigeria.<br>Le contact sera sur la fr\u00e9quence habituelle de 145.800 MHz (+\/-3 KHz de doppler) en FM \u00e9troite. <br>La station italienne IK1SLD assurera le relais et la liaison sera donc audible depuis la France.<\/p>\n\n\n\n<p class=\"has-background\" style=\"background-color:#abb7c224\">1. Comment la pollution lumineuse affecte-t-elle votre vision de la Terre depuis l\u2019espace&nbsp;?<br>2. Que faites-vous pour vous divertir sur l\u2019ISS&nbsp;?<br>3. Comment buvez-vous de l\u2019eau dans l\u2019espace&nbsp;?<br>4. Comment le fait d\u2019\u00eatre dans l\u2019espace affecte-t-il votre sant\u00e9 mentale&nbsp;?<br>5. Quelle est l\u2019exp\u00e9rience la plus importante actuellement men\u00e9e sur l\u2019ISS&nbsp;?<br>6. L\u2019homme voyagera-t-il un jour vers les \u00e9toiles&nbsp;?<br>7. Qu\u2019est-ce qui vous a pouss\u00e9 \u00e0 devenir astronaute, et quelles \u00e9tapes un jeune Africain ambitieux devrait-il suivre pour devenir astronaute&nbsp;?<br>8. L\u2019ISS a-t-elle d\u00e9j\u00e0 \u00e9t\u00e9 impact\u00e9e par des d\u00e9bris spatiaux&nbsp;?<br>9. Les \u00e9toiles sont-elles diff\u00e9rentes de ce que nous voyons depuis l\u2019espace depuis la Terre&nbsp;?<br>10. Comment les astronautes dorment-ils \u00e0 bord de l\u2019ISS&nbsp;?<br>11. Qu\u2019est-ce qui vous fascine personnellement dans ce travail&nbsp;?<br>12. Comment les astronautes maintiennent-ils le lien avec leur famille et leurs proches lors de missions prolong\u00e9es \u00e0 bord de l\u2019ISS&nbsp;?<br>13. Comment l\u2019effet de vue d\u2019ensemble a-t-il influenc\u00e9 votre quotidien sur l\u2019ISS&nbsp;?<br>14. Sur quelle exp\u00e9rience, mission ou projet travaillez-vous actuellement \u00e0 bord de l\u2019ISS&nbsp;?<br>15. Comment les astronautes r\u00e9sistent-ils aux radiations et aux particules cosmiques \u00e0 bord de l\u2019ISS&nbsp;?<br>16. Comment g\u00e9rez-vous les temp\u00eates solaires \u00e0 bord de l\u2019ISS&nbsp;?<br>17. Les micro-organismes survivent-ils \u00e0 l\u2019ext\u00e9rieur de l\u2019ISS&nbsp;?<br>18. Lorsque l\u2019ISS sera d\u00e9class\u00e9e en 2030, y en aura-t-il une nouvelle&nbsp;?<br>19. Pourriez-vous nous parler de l\u2019impact des recherches men\u00e9es \u00e0 bord de l\u2019ISS sur l\u2019humanit\u00e9&nbsp;?<br>20. Quelle est l\u2019odeur de l\u2019espace&nbsp;?<br>21. Quelle est la chose la plus surprenante que vous ayez vue depuis l\u2019ISS&nbsp;?<br>22. Avez-vous d\u00e9j\u00e0 ressenti de la peur dans l\u2019espace&nbsp;? Comment restez-vous concentr\u00e9 et g\u00e9rez-vous vos \u00e9motions&nbsp;?<br>23. Quel est le sort de l\u2019ISS&nbsp;? Va-t-elle couler dans l\u2019oc\u00e9an Atlantique ou une autre sera-t-elle construite&nbsp;?<br>24. Comment la microgravit\u00e9 affecte-t-elle votre sens du go\u00fbt \u00e0 bord de l\u2019ISS&nbsp;? 25. La microgravit\u00e9 affecte-t-elle la r\u00e9solution de probl\u00e8mes en physique et en ing\u00e9nierie&nbsp;?<br>26. Comment lavez-vous vos v\u00eatements dans l\u2019espace&nbsp;?<br>27. Comment les \u00e9tudes sur la croissance musculaire dans l\u2019espace peuvent-elles aider \u00e0 traiter les maladies musculaires sur Terre&nbsp;?<br>28. Comment un isolement prolong\u00e9 dans l\u2019espace affecte-t-il votre perception du temps&nbsp;? Avez-vous remarqu\u00e9 des changements dans votre perception du temps par rapport \u00e0 la Terre&nbsp;?<br>29. Quel est l\u2019impact de l\u2019hygi\u00e8ne sur l\u2019ISS sur la peau et la respiration&nbsp;?<br>30. Comment d\u00e9terminez-vous votre direction sur l\u2019ISS&nbsp;? Est-ce similaire \u00e0 ce que nous faisons sur Terre&nbsp;?<br>31. Comment les astronautes g\u00e8rent-ils le brouillard spatial&nbsp;?<\/p>\n\n\n\n<h2 class=\"wp-block-heading\">Un contact radioamateur pr\u00e9vu le 22\/04\/2025 entre l&rsquo;ISS et une \u00e9cole.<\/h2>\n\n\n\n<p class=\"has-background\" style=\"background-color:#8dd2fc85\">Le<strong> mardi 22 Avril 2025 \u00e0 10:50 heure de Paris,<\/strong> l\u2019astronaute Takuya Onishi (KF5LKS) \u00e0 bord de la Station spatiale internationale sera en liaison radio avec les jeunes de Karabaglar Municipality Nasreddin Hodja Child Culture and Science Center, Izmir, Turquie.<br>La fr\u00e9quence habituelle sera utilis\u00e9e : 145.800MHz.<br>Le relais sera assur\u00e9 par la station radioamateur Italienne IK1SLD et donc parfaitement audible sur l\u2019Europe de l&rsquo;ouest.<\/p>\n\n\n\n<figure class=\"wp-block-image aligncenter size-full\"><img loading=\"lazy\" decoding=\"async\" width=\"312\" height=\"312\" src=\"https:\/\/f6kmf.fr\/wp-content\/uploads\/2025\/04\/image-9.png\" alt=\"\" class=\"wp-image-3617\" srcset=\"https:\/\/f6kmf.fr\/wp-content\/uploads\/2025\/04\/image-9.png 312w, https:\/\/f6kmf.fr\/wp-content\/uploads\/2025\/04\/image-9-300x300.png 300w, https:\/\/f6kmf.fr\/wp-content\/uploads\/2025\/04\/image-9-150x150.png 150w\" sizes=\"auto, (max-width: 312px) 100vw, 312px\" \/><\/figure>\n","protected":false},"excerpt":{"rendered":"<p>Derniers passages de l&rsquo;ISS pour l&rsquo;\u00e9v\u00e8nement SSTV de ce mois d&rsquo;avril. Un contact radioamateur pr\u00e9vu le 18\/04\/2025 entre l&rsquo;ISS et<\/p>\n","protected":false},"author":1,"featured_media":3614,"comment_status":"closed","ping_status":"closed","sticky":false,"template":"","format":"standard","meta":{"colormag_page_container_layout":"default_layout","colormag_page_sidebar_layout":"default_layout","footnotes":""},"categories":[1],"tags":[51,46,38],"class_list":["post-3603","post","type-post","status-publish","format-standard","has-post-thumbnail","hentry","category-non-classe","tag-iss","tag-satellite","tag-sstv"],"_links":{"self":[{"href":"https:\/\/f6kmf.fr\/index.php\/wp-json\/wp\/v2\/posts\/3603","targetHints":{"allow":["GET"]}}],"collection":[{"href":"https:\/\/f6kmf.fr\/index.php\/wp-json\/wp\/v2\/posts"}],"about":[{"href":"https:\/\/f6kmf.fr\/index.php\/wp-json\/wp\/v2\/types\/post"}],"author":[{"embeddable":true,"href":"https:\/\/f6kmf.fr\/index.php\/wp-json\/wp\/v2\/users\/1"}],"replies":[{"embeddable":true,"href":"https:\/\/f6kmf.fr\/index.php\/wp-json\/wp\/v2\/comments?post=3603"}],"version-history":[{"count":2,"href":"https:\/\/f6kmf.fr\/index.php\/wp-json\/wp\/v2\/posts\/3603\/revisions"}],"predecessor-version":[{"id":3618,"href":"https:\/\/f6kmf.fr\/index.php\/wp-json\/wp\/v2\/posts\/3603\/revisions\/3618"}],"wp:featuredmedia":[{"embeddable":true,"href":"https:\/\/f6kmf.fr\/index.php\/wp-json\/wp\/v2\/media\/3614"}],"wp:attachment":[{"href":"https:\/\/f6kmf.fr\/index.php\/wp-json\/wp\/v2\/media?parent=3603"}],"wp:term":[{"taxonomy":"category","embeddable":true,"href":"https:\/\/f6kmf.fr\/index.php\/wp-json\/wp\/v2\/categories?post=3603"},{"taxonomy":"post_tag","embeddable":true,"href":"https:\/\/f6kmf.fr\/index.php\/wp-json\/wp\/v2\/tags?post=3603"}],"curies":[{"name":"wp","href":"https:\/\/api.w.org\/{rel}","templated":true}]}}