{"id":3436,"date":"2025-01-11T09:05:40","date_gmt":"2025-01-11T08:05:40","guid":{"rendered":"https:\/\/f6kmf.fr\/?p=3436"},"modified":"2025-01-11T09:18:35","modified_gmt":"2025-01-11T08:18:35","slug":"un-concours-de-radio-amateur-pour-la-mission-spatiale-fram2","status":"publish","type":"post","link":"https:\/\/f6kmf.fr\/index.php\/2025\/01\/11\/un-concours-de-radio-amateur-pour-la-mission-spatiale-fram2\/","title":{"rendered":"Un concours de radio amateur pour la mission spatiale Fram2"},"content":{"rendered":"\n<p class=\"has-text-align-right\"><strong>Information en provenance de AMSAT-UK<\/strong><\/p>\n\n\n\n<p class=\"has-medium-font-size\"><strong>Pendant la mission Fram2, Rabea Rogge, LB9NJ (Norv\u00e8ge) et KD3AID (\u00c9tats-Unis) exploiteront un syst\u00e8me radio amateur embarqu\u00e9 qui enverra des images SSTV dans la bande UHF dans le cadre d&rsquo;un concours d&rsquo;\u00e9tudiants du secondaire et de l&rsquo;universit\u00e9. <\/strong><br><strong>Ces images SSTV seront \u00e9galement disponibles pour \u00eatre re\u00e7ues par le grand public pendant sa mission.<\/strong><\/p>\n\n\n\n<h2 class=\"wp-block-heading\">Qu&rsquo;est-ce que Fram2 ?<\/h2>\n\n\n\n<p class=\"has-background\" style=\"background-color:#abb7c273\"><strong>La mission Fram2 devrait devenir le premier vol spatial habit\u00e9 en orbite polaire, au-dessus des p\u00f4les Nord et Sud. <\/strong><br>Nomm\u00e9e d&rsquo;apr\u00e8s le c\u00e9l\u00e8bre navire d&rsquo;exploration polaire Fram, qui a effectu\u00e9 des voyages \u00e0 la fois dans l&rsquo;Arctique et l&rsquo;Antarctique, nous voulons mettre en valeur l&rsquo;esprit pionnier, l&rsquo;\u00e9merveillement et l&rsquo;innovation technologique \u00e0 travers les \u00e2ges. <br><strong>La fus\u00e9e Falcon 9 de SpaceX lancera quatre astronautes d&rsquo;Europe et d&rsquo;Australie en orbite pendant 3 \u00e0 5 jours, le lancement pr\u00e9vu \u00e9tant pr\u00e9vu pour le printemps 2025 (bient\u00f4t !).<\/strong> \u00c0 bord du vaisseau spatial Dragon se trouvent le commandant de mission Chun Wang de Malte, le commandant du v\u00e9hicule Jannicke Mikkelsen de Norv\u00e8ge, le pilote Rabea Rogge d&rsquo;Allemagne et le sp\u00e9cialiste de mission Eric Philips d&rsquo;Australie. <br><\/p>\n\n\n\n<figure class=\"wp-block-image aligncenter size-full\"><img loading=\"lazy\" decoding=\"async\" width=\"896\" height=\"442\" src=\"https:\/\/f6kmf.fr\/wp-content\/uploads\/2025\/01\/image-5.png\" alt=\"\" class=\"wp-image-3437\" srcset=\"https:\/\/f6kmf.fr\/wp-content\/uploads\/2025\/01\/image-5.png 896w, https:\/\/f6kmf.fr\/wp-content\/uploads\/2025\/01\/image-5-300x148.png 300w, https:\/\/f6kmf.fr\/wp-content\/uploads\/2025\/01\/image-5-768x379.png 768w\" sizes=\"auto, (max-width: 896px) 100vw, 896px\" \/><\/figure>\n\n\n\n<h2 class=\"wp-block-heading\">Concours de radioamateurisme FRAM2<\/h2>\n\n\n\n<p class=\"has-background\" style=\"background-color:#abb7c275\">Il s&rsquo;agit d&rsquo;un <strong>concours de radio exp\u00e9rimentale ouvert aux lyc\u00e9ens et aux \u00e9tudiants. <\/strong>Nous enverrons des photos de trois lieux g\u00e9ographiques via une radio amateur embarqu\u00e9e, mais voici le hic : elles seront d\u00e9coup\u00e9es en morceaux et m\u00e9lang\u00e9es ! Vous ne recevrez que des fragments des lieux et devrez deviner o\u00f9 ils se trouvent sur Terre et quel a \u00e9t\u00e9 leur r\u00f4le dans l&rsquo;histoire polaire. Bien que tout le monde puisse recevoir les photos, former une \u00e9quipe internationale peut vous aider \u00e0 r\u00e9soudre le casse-t\u00eate !<br><br><strong>Devinez deux endroits sur trois<\/strong><br>Des \u00e9quipes internationales compos\u00e9es de trois \u00e0 cinq \u00e9tablissements d\u2019enseignement<br>Ouvert aux membres des \u00e9tablissements d&rsquo;enseignement \u00e2g\u00e9s de 16 \u00e0 25 ans<br>Prix \u200b\u200b: cartes QSL avec autocollants de la mission spatiale Fram2<br>Pays \u00e9ligibles : Europe (CEPT), \u00c9tats-Unis, Canada, Australie<\/p>\n\n\n\n<figure class=\"wp-block-image aligncenter size-full\"><img loading=\"lazy\" decoding=\"async\" width=\"482\" height=\"485\" src=\"https:\/\/f6kmf.fr\/wp-content\/uploads\/2025\/01\/image-6.png\" alt=\"\" class=\"wp-image-3438\" srcset=\"https:\/\/f6kmf.fr\/wp-content\/uploads\/2025\/01\/image-6.png 482w, https:\/\/f6kmf.fr\/wp-content\/uploads\/2025\/01\/image-6-298x300.png 298w, https:\/\/f6kmf.fr\/wp-content\/uploads\/2025\/01\/image-6-150x150.png 150w\" sizes=\"auto, (max-width: 482px) 100vw, 482px\" \/><\/figure>\n\n\n\n<p class=\"has-background\" style=\"background-color:#f78da8b3\"><strong>Plus d&rsquo;informations d&rsquo;ici quelques jours &#8230;..  (le temps de traduire les documents !) <\/strong><\/p>\n\n\n\n<p>Article de r\u00e9f\u00e9rence : <a href=\"https:\/\/fram2ham.com\/?fbclid=IwY2xjawHvADdleHRuA2FlbQIxMAABHVnhKes47yrhSIsFHZ4zl3lIjxSr5eb3PNTkZBfxnFHmvCr_igRu1k8kBg_aem_AI-Eg6rouSGexeDlUzSbQw\">Accueil &#8211; FRAM2 RadioAmateur.<\/a><\/p>\n\n\n\n<p><\/p>\n","protected":false},"excerpt":{"rendered":"<p>Information en provenance de AMSAT-UK Pendant la mission Fram2, Rabea Rogge, LB9NJ (Norv\u00e8ge) et KD3AID (\u00c9tats-Unis) exploiteront un syst\u00e8me radio<\/p>\n","protected":false},"author":1,"featured_media":3437,"comment_status":"closed","ping_status":"closed","sticky":false,"template":"","format":"standard","meta":{"colormag_page_container_layout":"default_layout","colormag_page_sidebar_layout":"default_layout","footnotes":""},"categories":[6,8,37],"tags":[88,87,52,39,38],"class_list":["post-3436","post","type-post","status-publish","format-standard","has-post-thumbnail","hentry","category-rtl-sdr","category-satellites","category-sstv","tag-ariss","tag-fram2","tag-radioamateur","tag-satellites","tag-sstv"],"_links":{"self":[{"href":"https:\/\/f6kmf.fr\/index.php\/wp-json\/wp\/v2\/posts\/3436","targetHints":{"allow":["GET"]}}],"collection":[{"href":"https:\/\/f6kmf.fr\/index.php\/wp-json\/wp\/v2\/posts"}],"about":[{"href":"https:\/\/f6kmf.fr\/index.php\/wp-json\/wp\/v2\/types\/post"}],"author":[{"embeddable":true,"href":"https:\/\/f6kmf.fr\/index.php\/wp-json\/wp\/v2\/users\/1"}],"replies":[{"embeddable":true,"href":"https:\/\/f6kmf.fr\/index.php\/wp-json\/wp\/v2\/comments?post=3436"}],"version-history":[{"count":3,"href":"https:\/\/f6kmf.fr\/index.php\/wp-json\/wp\/v2\/posts\/3436\/revisions"}],"predecessor-version":[{"id":3442,"href":"https:\/\/f6kmf.fr\/index.php\/wp-json\/wp\/v2\/posts\/3436\/revisions\/3442"}],"wp:featuredmedia":[{"embeddable":true,"href":"https:\/\/f6kmf.fr\/index.php\/wp-json\/wp\/v2\/media\/3437"}],"wp:attachment":[{"href":"https:\/\/f6kmf.fr\/index.php\/wp-json\/wp\/v2\/media?parent=3436"}],"wp:term":[{"taxonomy":"category","embeddable":true,"href":"https:\/\/f6kmf.fr\/index.php\/wp-json\/wp\/v2\/categories?post=3436"},{"taxonomy":"post_tag","embeddable":true,"href":"https:\/\/f6kmf.fr\/index.php\/wp-json\/wp\/v2\/tags?post=3436"}],"curies":[{"name":"wp","href":"https:\/\/api.w.org\/{rel}","templated":true}]}}