{"id":2919,"date":"2024-03-28T19:27:27","date_gmt":"2024-03-28T18:27:27","guid":{"rendered":"https:\/\/f6kmf.fr\/?p=2919"},"modified":"2024-03-28T19:27:27","modified_gmt":"2024-03-28T18:27:27","slug":"activation-de-lemetteur-sstv-du-satellite-sonate-2","status":"publish","type":"post","link":"https:\/\/f6kmf.fr\/index.php\/2024\/03\/28\/activation-de-lemetteur-sstv-du-satellite-sonate-2\/","title":{"rendered":"Activation de l&rsquo;\u00e9metteur SSTV du satellite SONATE-2"},"content":{"rendered":"\n<p class=\"has-background\" style=\"background-color:#8dd2fc82\">Pendant le weekend de P\u00e2ques \ud83d\udc30, il est pr\u00e9vu d&rsquo;activer l&rsquo;\u00e9metteur SSTV du satellite universitaire Allemand  <a href=\"https:\/\/f6kmf.fr\/index.php\/2024\/02\/16\/en-mars-lancement-de-sonate-2-un-nouveau-satellite-accessible-aux-radioamateurs\/\">SONATE-2 <\/a>. <br>Il transmettra la premi\u00e8re image enregistr\u00e9e par la cam\u00e9ra de bord. Fr\u00e9quence : 145,880 MHz Modulation : FM (F3F) Codage : SSTV Martin M1<\/p>\n\n\n\n<figure class=\"wp-block-image aligncenter size-full\"><img loading=\"lazy\" decoding=\"async\" width=\"740\" height=\"351\" src=\"https:\/\/f6kmf.fr\/wp-content\/uploads\/2024\/03\/image-9.png\" alt=\"\" class=\"wp-image-2920\" srcset=\"https:\/\/f6kmf.fr\/wp-content\/uploads\/2024\/03\/image-9.png 740w, https:\/\/f6kmf.fr\/wp-content\/uploads\/2024\/03\/image-9-300x142.png 300w\" sizes=\"auto, (max-width: 740px) 100vw, 740px\" \/><\/figure>\n\n\n\n<p class=\"has-background\" style=\"background-color:#00d18478\"><strong>Les horaires d&rsquo;activation au dessus de l&rsquo;Europe :<br><br>28\/03\/2024 23:54:00<br>29\/03\/2024 01:27:00<br>29\/03\/2024 14:29:00<br>30\/03\/2024 01:14:00<br>30\/03\/2024 14:16:00<br>31\/03\/2024 02:32:00<br>31\/03\/2024 15:34:00<br>01\/04\/2024 02:19:00<br>01\/04\/2024 15:20:00<br>02\/04\/2024 02:04:00<\/strong><\/p>\n\n\n\n<p>Les pr\u00e9visions de passage au dessus de la Bourgogne (JN26)<\/p>\n\n\n\n<figure class=\"wp-block-image aligncenter size-full\"><img loading=\"lazy\" decoding=\"async\" width=\"619\" height=\"833\" src=\"https:\/\/f6kmf.fr\/wp-content\/uploads\/2024\/03\/image-10.png\" alt=\"\" class=\"wp-image-2921\" srcset=\"https:\/\/f6kmf.fr\/wp-content\/uploads\/2024\/03\/image-10.png 619w, https:\/\/f6kmf.fr\/wp-content\/uploads\/2024\/03\/image-10-223x300.png 223w\" sizes=\"auto, (max-width: 619px) 100vw, 619px\" \/><\/figure>\n\n\n\n<p><strong>Ci dessous exemple de t\u00e9l\u00e9m\u00e9trie du satellite re\u00e7ue au domicile de F1EFW \/ JN26KS<\/strong><\/p>\n\n\n\n<figure class=\"wp-block-image size-large\"><img loading=\"lazy\" decoding=\"async\" width=\"1024\" height=\"568\" src=\"https:\/\/f6kmf.fr\/wp-content\/uploads\/2024\/03\/sonate2telem_n-1024x568.jpg\" alt=\"\" class=\"wp-image-2922\" srcset=\"https:\/\/f6kmf.fr\/wp-content\/uploads\/2024\/03\/sonate2telem_n-1024x568.jpg 1024w, https:\/\/f6kmf.fr\/wp-content\/uploads\/2024\/03\/sonate2telem_n-300x166.jpg 300w, https:\/\/f6kmf.fr\/wp-content\/uploads\/2024\/03\/sonate2telem_n-768x426.jpg 768w, https:\/\/f6kmf.fr\/wp-content\/uploads\/2024\/03\/sonate2telem_n-1536x852.jpg 1536w, https:\/\/f6kmf.fr\/wp-content\/uploads\/2024\/03\/sonate2telem_n-800x445.jpg 800w, https:\/\/f6kmf.fr\/wp-content\/uploads\/2024\/03\/sonate2telem_n.jpg 1919w\" sizes=\"auto, (max-width: 1024px) 100vw, 1024px\" \/><\/figure>\n","protected":false},"excerpt":{"rendered":"<p>Pendant le weekend de P\u00e2ques \ud83d\udc30, il est pr\u00e9vu d&rsquo;activer l&rsquo;\u00e9metteur SSTV du satellite universitaire Allemand SONATE-2 . Il transmettra<\/p>\n","protected":false},"author":1,"featured_media":2920,"comment_status":"closed","ping_status":"closed","sticky":false,"template":"","format":"standard","meta":{"colormag_page_container_layout":"default_layout","colormag_page_sidebar_layout":"default_layout","footnotes":""},"categories":[8,37],"tags":[],"class_list":["post-2919","post","type-post","status-publish","format-standard","has-post-thumbnail","hentry","category-satellites","category-sstv"],"_links":{"self":[{"href":"https:\/\/f6kmf.fr\/index.php\/wp-json\/wp\/v2\/posts\/2919","targetHints":{"allow":["GET"]}}],"collection":[{"href":"https:\/\/f6kmf.fr\/index.php\/wp-json\/wp\/v2\/posts"}],"about":[{"href":"https:\/\/f6kmf.fr\/index.php\/wp-json\/wp\/v2\/types\/post"}],"author":[{"embeddable":true,"href":"https:\/\/f6kmf.fr\/index.php\/wp-json\/wp\/v2\/users\/1"}],"replies":[{"embeddable":true,"href":"https:\/\/f6kmf.fr\/index.php\/wp-json\/wp\/v2\/comments?post=2919"}],"version-history":[{"count":1,"href":"https:\/\/f6kmf.fr\/index.php\/wp-json\/wp\/v2\/posts\/2919\/revisions"}],"predecessor-version":[{"id":2923,"href":"https:\/\/f6kmf.fr\/index.php\/wp-json\/wp\/v2\/posts\/2919\/revisions\/2923"}],"wp:featuredmedia":[{"embeddable":true,"href":"https:\/\/f6kmf.fr\/index.php\/wp-json\/wp\/v2\/media\/2920"}],"wp:attachment":[{"href":"https:\/\/f6kmf.fr\/index.php\/wp-json\/wp\/v2\/media?parent=2919"}],"wp:term":[{"taxonomy":"category","embeddable":true,"href":"https:\/\/f6kmf.fr\/index.php\/wp-json\/wp\/v2\/categories?post=2919"},{"taxonomy":"post_tag","embeddable":true,"href":"https:\/\/f6kmf.fr\/index.php\/wp-json\/wp\/v2\/tags?post=2919"}],"curies":[{"name":"wp","href":"https:\/\/api.w.org\/{rel}","templated":true}]}}