{"id":2851,"date":"2024-02-10T22:09:31","date_gmt":"2024-02-10T21:09:31","guid":{"rendered":"https:\/\/f6kmf.fr\/?p=2851"},"modified":"2024-02-10T22:38:14","modified_gmt":"2024-02-10T21:38:14","slug":"rendez-vous-entre-liss-et-des-ecoles","status":"publish","type":"post","link":"https:\/\/f6kmf.fr\/index.php\/2024\/02\/10\/rendez-vous-entre-liss-et-des-ecoles\/","title":{"rendered":"Rendez-vous entre l&rsquo;ISS et des \u00e9coles"},"content":{"rendered":"\n<h2 class=\"wp-block-heading\">Retour sur la liaison du 9 f\u00e9vrier 2024<\/h2>\n\n\n\n<p class=\"has-pale-cyan-blue-background-color has-background\">Quelques instants du contact du vendredi 9 f\u00e9vrier 2024 : Loral O&rsquo;Hara \u00e0 bord de l&rsquo;ISS avait rendez-vous avec l&rsquo;\u00c9cole d&rsquo;ing\u00e9nierie des t\u00e9l\u00e9communications, de Valence en Espagne.<\/p>\n\n\n\n<figure class=\"wp-block-embed is-type-video is-provider-youtube wp-block-embed-youtube wp-embed-aspect-16-9 wp-has-aspect-ratio\"><div class=\"wp-block-embed__wrapper\">\n<iframe loading=\"lazy\" title=\"9 f\u00e9vrier 2024 Loral O&#039;Hara et l&#039;\u00c9cole d&#039;ing\u00e9nierie des t\u00e9l\u00e9communications, de Valence en Espagne.\" width=\"800\" height=\"450\" src=\"https:\/\/www.youtube.com\/embed\/cIvKWRPwqlE?feature=oembed\" frameborder=\"0\" allow=\"accelerometer; autoplay; clipboard-write; encrypted-media; gyroscope; picture-in-picture; web-share\" allowfullscreen><\/iframe>\n<\/div><\/figure>\n\n\n\n<h2 class=\"wp-block-heading\">Prochain contact radioamateur \/ ISS le 15\/02\/2024<\/h2>\n\n\n\n<p class=\"has-pale-cyan-blue-background-color has-background\">Un nouveau contact Radioamateur \/ ISS est pr\u00e9vu le 15\/02\/2024 \u00e0 12H32 heure locale.<br>L\u2019astronaute Jasmin Moghbeli (KI5WSL) a rendez-vous avec l\u2019\u00e9cole \u201cB. Russell High School\u201d de Rome en Italie.<br>Le contact sera en direct sur 145,800 MHz en NFM, la station Italienne IK\u00d8USO assurera la liaison qui sera audible en la France.<\/p>\n\n\n\n<figure class=\"wp-block-image aligncenter size-large is-resized\"><img loading=\"lazy\" decoding=\"async\" width=\"819\" height=\"1024\" src=\"https:\/\/f6kmf.fr\/wp-content\/uploads\/2024\/02\/image-13-819x1024.png\" alt=\"\" class=\"wp-image-2852\" style=\"width:500px;height:auto\" srcset=\"https:\/\/f6kmf.fr\/wp-content\/uploads\/2024\/02\/image-13-819x1024.png 819w, https:\/\/f6kmf.fr\/wp-content\/uploads\/2024\/02\/image-13-240x300.png 240w, https:\/\/f6kmf.fr\/wp-content\/uploads\/2024\/02\/image-13-768x960.png 768w, https:\/\/f6kmf.fr\/wp-content\/uploads\/2024\/02\/image-13-1229x1536.png 1229w, https:\/\/f6kmf.fr\/wp-content\/uploads\/2024\/02\/image-13.png 1638w\" sizes=\"auto, (max-width: 819px) 100vw, 819px\" \/><\/figure>\n\n\n\n<p><strong>Questions que seront pos\u00e9es :<\/strong><\/p>\n\n\n\n<ol class=\"wp-block-list\">\n<li>Quels progr\u00e8s ont \u00e9t\u00e9 r\u00e9alis\u00e9s dans la recherche sur les plantes dans l\u2019espace et quel impact cela pourrait-il avoir sur la future culture extraterrestre ?<\/li>\n\n\n\n<li>Dans vos exp\u00e9riences, effectuez-vous des recherches ? qui doit s\u2019int\u00e9resser aux nouvelles solutions au changement climatique ?<\/li>\n\n\n\n<li>Comment l\u2019intelligence artificielle influencera-t-elle la vie et la recherche des astronautes ?<\/li>\n\n\n\n<li>En termes simples, pouvez-vous expliquer en quoi consiste le projet PROMETEO II ?<\/li>\n\n\n\n<li>Selon vous, quels d\u00e9fis technologiques sont-ils cruciaux \u00e0 surmonter afin de rendre la pr\u00e9sence dans l\u2019espace plus durable et plus confortable \u00e0 long terme ?<\/li>\n\n\n\n<li>Vous r\u00e9alisez des \u00e9tudes sur le syst\u00e8me cardiovasculaire. Les r\u00e9sultats obtenus pourraient-ils \u00eatre appliqu\u00e9s, par exemple, au d\u00e9veloppement de nouvelles technologies a\u00e9ronautiques ?<\/li>\n\n\n\n<li>Si une personne tombe malade alors qu&rsquo;elle se trouve dans un espace ferm\u00e9, que peut-on faire pour \u00e9viter le passage de virus et appliquer le traitement qui en r\u00e9sulte ?<\/li>\n\n\n\n<li>Comment la perception du temps et de l&rsquo;espace change-t-elle au cours d&rsquo;une mission spatiale prolong\u00e9e ?<\/li>\n\n\n\n<li>Comment g\u00e9rez-vous les changements physiques \u00e0 long terme, tels que la perte de densit\u00e9 osseuse lorsque vous \u00eates dans l&rsquo;espace ?<\/li>\n\n\n\n<li>Quels sont les tests physiques qu&rsquo;un astronaute doit r\u00e9ussir ?<\/li>\n\n\n\n<li>Quelle est la proc\u00e9dure standard en cas d\u2019incendie ?<\/li>\n\n\n\n<li>En cas de panne du syst\u00e8me d&rsquo;\u00e9limination du dioxyde de carbone, que doivent faire les astronautes ? (en esp\u00e9rant que \u00e7a n&rsquo;arrive jamais)<\/li>\n\n\n\n<li>Quelle est l\u2019importance de la collaboration entre tous les astronautes pour atteindre les objectifs requis ?<\/li>\n\n\n\n<li>Quel est l\u2019impact subi par le corps en raison de l\u2019absence de gravit\u00e9 ?<\/li>\n\n\n\n<li>Suivez-vous un r\u00e9gime alimentaire sp\u00e9cifique avant de partir dans l&rsquo;espace ?<\/li>\n\n\n\n<li>Comment l\u2019activit\u00e9 physique joue-t-elle un r\u00f4le vital pour les astronautes \u00e0 l\u2019int\u00e9rieur de la station spatiale ?<\/li>\n\n\n\n<li>Quel est le but de la future exploration spatiale ?<\/li>\n\n\n\n<li>Quels types d&rsquo;exp\u00e9riences biologiques devez-vous r\u00e9aliser \u00e0 bord ?<\/li>\n\n\n\n<li>Comment pouvons-nous maintenir une hypoth\u00e9tique cha\u00eene d\u2019approvisionnement pour les futures colonies et bases sur Mars et sur la Lune ? (Est-il possible, peut-\u00eatre, de d\u00e9velopper un syst\u00e8me pour une autosuffisance compl\u00e8te)<\/li>\n\n\n\n<li>Quelles \u00e9tudes faut-il suivre pour devenir astronaute ?<\/li>\n<\/ol>\n","protected":false},"excerpt":{"rendered":"<p>Retour sur la liaison du 9 f\u00e9vrier 2024 Quelques instants du contact du vendredi 9 f\u00e9vrier 2024 : Loral O&rsquo;Hara<\/p>\n","protected":false},"author":1,"featured_media":952,"comment_status":"closed","ping_status":"closed","sticky":false,"template":"","format":"standard","meta":{"colormag_page_container_layout":"default_layout","colormag_page_sidebar_layout":"default_layout","footnotes":""},"categories":[5,8],"tags":[],"class_list":["post-2851","post","type-post","status-publish","format-standard","has-post-thumbnail","hentry","category-activite-iss","category-satellites"],"_links":{"self":[{"href":"https:\/\/f6kmf.fr\/index.php\/wp-json\/wp\/v2\/posts\/2851","targetHints":{"allow":["GET"]}}],"collection":[{"href":"https:\/\/f6kmf.fr\/index.php\/wp-json\/wp\/v2\/posts"}],"about":[{"href":"https:\/\/f6kmf.fr\/index.php\/wp-json\/wp\/v2\/types\/post"}],"author":[{"embeddable":true,"href":"https:\/\/f6kmf.fr\/index.php\/wp-json\/wp\/v2\/users\/1"}],"replies":[{"embeddable":true,"href":"https:\/\/f6kmf.fr\/index.php\/wp-json\/wp\/v2\/comments?post=2851"}],"version-history":[{"count":2,"href":"https:\/\/f6kmf.fr\/index.php\/wp-json\/wp\/v2\/posts\/2851\/revisions"}],"predecessor-version":[{"id":2855,"href":"https:\/\/f6kmf.fr\/index.php\/wp-json\/wp\/v2\/posts\/2851\/revisions\/2855"}],"wp:featuredmedia":[{"embeddable":true,"href":"https:\/\/f6kmf.fr\/index.php\/wp-json\/wp\/v2\/media\/952"}],"wp:attachment":[{"href":"https:\/\/f6kmf.fr\/index.php\/wp-json\/wp\/v2\/media?parent=2851"}],"wp:term":[{"taxonomy":"category","embeddable":true,"href":"https:\/\/f6kmf.fr\/index.php\/wp-json\/wp\/v2\/categories?post=2851"},{"taxonomy":"post_tag","embeddable":true,"href":"https:\/\/f6kmf.fr\/index.php\/wp-json\/wp\/v2\/tags?post=2851"}],"curies":[{"name":"wp","href":"https:\/\/api.w.org\/{rel}","templated":true}]}}