{"id":1522,"date":"2021-06-14T22:29:27","date_gmt":"2021-06-14T20:29:27","guid":{"rendered":"http:\/\/f6kmf.fr\/?p=1522"},"modified":"2021-06-14T22:29:29","modified_gmt":"2021-06-14T20:29:29","slug":"les-nouvelles-de-lespace-a-la-mi-juin","status":"publish","type":"post","link":"https:\/\/f6kmf.fr\/index.php\/2021\/06\/14\/les-nouvelles-de-lespace-a-la-mi-juin\/","title":{"rendered":"Les nouvelles de l&rsquo;espace \u00e0 la mi-juin."},"content":{"rendered":"\n<p class=\"has-background has-very-light-gray-background-color\"><strong>R\u00e9ception d&rsquo;images SSTV  les 9 et 10 juin 2021<\/strong> en provenance de l&rsquo;ISS (antenne verticale sur le v\u00e9hicule, FT817 en r\u00e9ception et application ROBOT36 sur mon smartphone). <\/p>\n\n\n\n<figure class=\"wp-block-image\"><img loading=\"lazy\" decoding=\"async\" width=\"720\" height=\"720\" src=\"https:\/\/f6kmf.fr\/wp-content\/uploads\/2021\/06\/PhotoGridLite_1623233267329.jpg\" alt=\"\" class=\"wp-image-1523\" srcset=\"https:\/\/f6kmf.fr\/wp-content\/uploads\/2021\/06\/PhotoGridLite_1623233267329.jpg 720w, https:\/\/f6kmf.fr\/wp-content\/uploads\/2021\/06\/PhotoGridLite_1623233267329-150x150.jpg 150w, https:\/\/f6kmf.fr\/wp-content\/uploads\/2021\/06\/PhotoGridLite_1623233267329-300x300.jpg 300w\" sizes=\"auto, (max-width: 720px) 100vw, 720px\" \/><\/figure>\n\n\n\n<p class=\"has-background has-light-green-cyan-background-color\"><strong>Le jeudi 17\/06\/2021 vers 11H40 UTC (13H40 heure de Paris), il y aura un contact (en t\u00e9l\u00e9bridge) entre Thomas Pesquet et le Coll\u00e8ge Albert Camus de la Norville (91) et l&rsquo;Universit\u00e9 Paris-Saclay en France.<\/strong><\/p>\n\n\n\n<figure class=\"wp-block-image\"><img loading=\"lazy\" decoding=\"async\" width=\"1003\" height=\"731\" src=\"https:\/\/f6kmf.fr\/wp-content\/uploads\/2019\/12\/IMG_20191206_211013.jpg\" alt=\"\" class=\"wp-image-383\" srcset=\"https:\/\/f6kmf.fr\/wp-content\/uploads\/2019\/12\/IMG_20191206_211013.jpg 1003w, https:\/\/f6kmf.fr\/wp-content\/uploads\/2019\/12\/IMG_20191206_211013-300x219.jpg 300w, https:\/\/f6kmf.fr\/wp-content\/uploads\/2019\/12\/IMG_20191206_211013-768x560.jpg 768w\" sizes=\"auto, (max-width: 1003px) 100vw, 1003px\" \/><\/figure>\n\n\n\n<p class=\"has-background has-light-green-cyan-background-color\">Le contact aura lieu sur <strong>145.800 MHz <\/strong>(+\/-3 KHz de doppler) en FM \u00e9troite. Il sera conduit par la station belge (ON4ISS) et sera donc audible depuis la France. L&rsquo;indicatif utilis\u00e9 pour appeler la station sera FX0ISS.<br><\/p>\n\n\n\n<p class=\"has-background has-light-green-cyan-background-color\"><em><strong>Questions pos\u00e9es \u00e0 Thomas par les \u00e9l\u00e8ves <\/strong><\/em><br> 1- Lo\u00efs (15): Avez-vous ressenti au second d\u00e9collage les m\u00eames \u00e9motions qu\u2019au premier ?<br> 2- Dorian (13): A votre retour dans l\u2019ISS avez-vous retrouv\u00e9 vos r\u00e9flexes ?<br> 3- Anna (12): Qu\u2019est-ce que vous trouvez compliqu\u00e9 en apesanteur ?<br> 4- In\u00e8s (12): Quelle est l\u2019influence de l\u2019apesanteur sur les 5 sens ?<br> 5- Sandra (14): Dans l\u2019Espace r\u00eave-t-on qu\u2019on est en apesanteur ?<br> 6- Sarah (12): Quelles sortes d\u2019exp\u00e9riences r\u00e9alisez-vous dans l\u2019ISS ?<br> 7- Benjamin (14): Quelles responsabilit\u00e9s aurez-vous en tant que commandant de bord ?<br> 8- Gabriel (13): Qu\u2019est ce qui est le plus important pour vous derri\u00e8re le nom de votre mission ALPHA ?<br> 9- Eliot (12): Faites-vous des choses diff\u00e9remment lors de votre 2eme mission ?<br> 10- Liam (12): Quand on est en sortie extra v\u00e9hiculaire, est-ce qu\u2019on pense \u00e0 l\u2019Espace autour de soi ?<br> 11- Alae (14): Appr\u00e9ciez-vous de la m\u00eame mani\u00e8re les plats de Thierry Marx et Rapha\u00ebl Haumont qui ont \u00e9t\u00e9 pr\u00e9par\u00e9s pour vous dans l\u2019Espace ?<br> 12- Eliot (14): Qu\u2019est-ce qui vous \u00e9merveille le plus dans l\u2019Espace ?<br> 13- Gabriel (14): Quel principal conseil pouvez-vous donner \u00e0 la future s\u00e9lection des astronautes ?<br> 14- Adrien (15): Quelle influence esp\u00e9rez-vous avoir sur la jeunesse ?<br> 15- Julia (19, \u00e9tudiante L1): Vu de l\u2019espace, qu\u2019observez-vous de la pr\u00e9sence de l\u2019Homme et de ses d\u00e9g\u00e2ts ?<br> 16- Apollonie (20, \u00e9tudiante L2): Pensez-vous que l\u2019on pourra trouver les moyens d\u2019une alimentation durable lors d\u2019un long voyage spatial, par exemple avec des micro-algues ?<br> 17- Pauline (19, \u00e9tudiante IUT): En quoi votre exp\u00e9rience sur l\u2019ISS permet de pr\u00e9parer les prochaines missions vers Mars ?<br> 18- Pol (20, \u00e9l\u00e8ve 2A Centrale-Sup\u00e9lec): Quelles comp\u00e9tences de votre formation vous sont utiles aujourd\u2019hui pour commander cette mission ?<br> 19- Albert (18, \u00e9tudiant L1): Comment g\u00e9rez-vous psychologiquement la pr\u00e9sence du vide ?<\/p>\n\n\n\n<p class=\"has-background has-very-light-gray-background-color\"><strong>Activit\u00e9 ISS SSTV 21-26 juin 2021.<\/strong><br><br>Il y aura un \u00e9v\u00e9nement SSTV \u00ab\u00a0Radio amateur sur Shuttle, Mir et ISS\u00a0\u00bb en Slow Scan TV (SSTV) du 21 au 26 juin. <br>Les transmissions de la Station spatiale internationale se feront sur 145,800 MHz FM en utilisant le PD120.<br>L&rsquo;\u00e9quipe ARISS transmettra des images SSTV en continu du 21 au 26 juin. Les images seront li\u00e9es \u00e0 certaines des activit\u00e9s de radioamateur qui ont eu lieu sur la navette spatiale, la station spatiale Mir et la Station spatiale internationale.<br>Les heures de d\u00e9but et de fin du programme sont :<br>Lundi 21 juin \u00e0 09h40 UTC (les transmissions devraient commencer un peu plus tard).<br>Samedi 26 juin \u2013 Les transmissions devraient se terminer \u00e0 18h30 UTC.<br><strong>Au cours de cette p\u00e9riode de 6 jours vous pourrez capturer 12 images diff\u00e9rentes.<\/strong><br><br>Consultez le blog ARISS SSTV pour les derni\u00e8res informations <a href=\"http:\/\/ariss-sstv.blogspot.com\/\">http:\/\/ariss-sstv.blogspot.com\/<\/a><br>Vous pouvez obtenir des pr\u00e9visions pour les temps de passage de l&rsquo;ISS sur <a href=\"https:\/\/www.amsat.org\/track\/\">https:\/\/www.amsat.org\/track\/<\/a><br>Informations et liens SSTV utiles <a href=\"https:\/\/amsat-uk.org\/beginners\/iss-sstv\/\">https:\/\/amsat-uk.org\/beginners\/iss-sstv\/<\/a><\/p>\n\n\n\n<p class=\"has-background has-pale-cyan-blue-background-color\"><strong>Le 22 juin \u00e0 10h55 GMT, le 1er satellite radioamateur CubeSat  Mauricien sera d\u00e9ploy\u00e9 depuis l&rsquo;ISS . <\/strong><br><br>La T\u00e9l\u00e9m\u00e9trie sera disponible d\u00e9s le lendemain sur 436.925 MHz. <br><br><\/p>\n\n\n\n<figure class=\"wp-block-image\"><img loading=\"lazy\" decoding=\"async\" width=\"553\" height=\"285\" src=\"https:\/\/f6kmf.fr\/wp-content\/uploads\/2021\/06\/nano_maurice.jpg\" alt=\"\" class=\"wp-image-1524\" srcset=\"https:\/\/f6kmf.fr\/wp-content\/uploads\/2021\/06\/nano_maurice.jpg 553w, https:\/\/f6kmf.fr\/wp-content\/uploads\/2021\/06\/nano_maurice-300x155.jpg 300w\" sizes=\"auto, (max-width: 553px) 100vw, 553px\" \/><\/figure>\n\n\n\n<p class=\"has-background has-pale-cyan-blue-background-color\">Ce nanosatellite de l&rsquo;Ile Maurice, MIR-SAT1 (Mauritius Imagery and Radio \u2013 Satellite 1) a \u00e9t\u00e9 con\u00e7u par une \u00e9quipe d\u2019ing\u00e9nieurs mauriciens et un radioamateur exp\u00e9riment\u00e9 de la Mauritius Amateur Radio Society en collaboration avec des experts de l\u2019AAC-Clyde Space UK. <\/p>\n\n\n\n<p><\/p>\n","protected":false},"excerpt":{"rendered":"<p>R\u00e9ception d&rsquo;images SSTV les 9 et 10 juin 2021 en provenance de l&rsquo;ISS (antenne verticale sur le v\u00e9hicule, FT817 en<\/p>\n","protected":false},"author":4,"featured_media":383,"comment_status":"open","ping_status":"closed","sticky":false,"template":"","format":"standard","meta":{"colormag_page_container_layout":"default_layout","colormag_page_sidebar_layout":"default_layout","footnotes":""},"categories":[5,11,8],"tags":[],"class_list":["post-1522","post","type-post","status-publish","format-standard","has-post-thumbnail","hentry","category-activite-iss","category-activites-radio","category-satellites"],"_links":{"self":[{"href":"https:\/\/f6kmf.fr\/index.php\/wp-json\/wp\/v2\/posts\/1522","targetHints":{"allow":["GET"]}}],"collection":[{"href":"https:\/\/f6kmf.fr\/index.php\/wp-json\/wp\/v2\/posts"}],"about":[{"href":"https:\/\/f6kmf.fr\/index.php\/wp-json\/wp\/v2\/types\/post"}],"author":[{"embeddable":true,"href":"https:\/\/f6kmf.fr\/index.php\/wp-json\/wp\/v2\/users\/4"}],"replies":[{"embeddable":true,"href":"https:\/\/f6kmf.fr\/index.php\/wp-json\/wp\/v2\/comments?post=1522"}],"version-history":[{"count":1,"href":"https:\/\/f6kmf.fr\/index.php\/wp-json\/wp\/v2\/posts\/1522\/revisions"}],"predecessor-version":[{"id":1525,"href":"https:\/\/f6kmf.fr\/index.php\/wp-json\/wp\/v2\/posts\/1522\/revisions\/1525"}],"wp:featuredmedia":[{"embeddable":true,"href":"https:\/\/f6kmf.fr\/index.php\/wp-json\/wp\/v2\/media\/383"}],"wp:attachment":[{"href":"https:\/\/f6kmf.fr\/index.php\/wp-json\/wp\/v2\/media?parent=1522"}],"wp:term":[{"taxonomy":"category","embeddable":true,"href":"https:\/\/f6kmf.fr\/index.php\/wp-json\/wp\/v2\/categories?post=1522"},{"taxonomy":"post_tag","embeddable":true,"href":"https:\/\/f6kmf.fr\/index.php\/wp-json\/wp\/v2\/tags?post=1522"}],"curies":[{"name":"wp","href":"https:\/\/api.w.org\/{rel}","templated":true}]}}