{"id":1258,"date":"2021-03-09T22:28:15","date_gmt":"2021-03-09T21:28:15","guid":{"rendered":"http:\/\/f6kmf.fr\/?p=1258"},"modified":"2021-03-10T11:23:45","modified_gmt":"2021-03-10T10:23:45","slug":"des-nouvelles-de-lespace-en-ce-debut-mars","status":"publish","type":"post","link":"https:\/\/f6kmf.fr\/index.php\/2021\/03\/09\/des-nouvelles-de-lespace-en-ce-debut-mars\/","title":{"rendered":"Des nouvelles de l&rsquo;espace en ce d\u00e9but mars."},"content":{"rendered":"\n<p class=\"has-background has-light-green-cyan-background-color\"><strong>ISS probl\u00e8me de c\u00e2ble non r\u00e9solu !<\/strong><br><br>Ce n&rsquo;est pas officiel, mais il semble que le r\u00e9p\u00e9titeur crois\u00e9 de la station spatiale internationale, (et peut-\u00eatre aussi la fonctionnalit\u00e9 APRS), sera hors service jusqu&rsquo;au moins juin.<br>La sortie spatiale du 5 mars s&rsquo;est termin\u00e9e sans d\u00e9pannage et la prochaine possibilit\u00e9 n&rsquo;est pas avant juin.<\/p>\n\n\n\n<p class=\"has-background has-very-light-gray-background-color\"><strong>UVSQSAT : Test du transpondeur r\u00e9ussi !<\/strong><br><\/p>\n\n\n\n<figure class=\"wp-block-image\"><img loading=\"lazy\" decoding=\"async\" width=\"617\" height=\"364\" src=\"https:\/\/f6kmf.fr\/wp-content\/uploads\/2021\/03\/image.png\" alt=\"\" class=\"wp-image-1259\" srcset=\"https:\/\/f6kmf.fr\/wp-content\/uploads\/2021\/03\/image.png 617w, https:\/\/f6kmf.fr\/wp-content\/uploads\/2021\/03\/image-300x177.png 300w\" sizes=\"auto, (max-width: 617px) 100vw, 617px\" \/><\/figure>\n\n\n\n<p class=\"has-background has-very-light-gray-background-color\">(Voir le pr\u00e9c\u00e9dent article pour la description du satellite : <a href=\"https:\/\/f6kmf.fr\/index.php\/2021\/01\/13\/janvier-2021-2-nouveaux-satellites-a-notre-disposition\/\">https:\/\/f6kmf.fr\/index.php\/2021\/01\/13\/janvier-2021-2-nouveaux-satellites-a-notre-disposition\/<\/a> )<br><br>L\u2019essai du transpondeur a \u00e9t\u00e9 r\u00e9alis\u00e9 le 5 mars 2021,  Michel F4DEY  du radio-club F6KRK a \u00e9tabli un premier QSO (contact) avec le radio-amateur Peter 2M0SQ dont la station est en Ecosse.<br>Une fois la recette en vol finie, le satellite passera en mode op\u00e9rationnel. Les phases d\u2019activation du transpondeur pour les radio-amateurs seront annonc\u00e9es par Tweeter&nbsp;&nbsp;<a href=\"https:\/\/twitter.com\/uvsqsat?lang=fr\">UVSQ-SAT<\/a>. <br>L\u2019indicatif du satellite est FX1ZCJ, Il sera transmis dans les informations de la balise \u00e9mise par le satellite.<br><\/p>\n\n\n\n<figure class=\"wp-block-image\"><img loading=\"lazy\" decoding=\"async\" width=\"737\" height=\"703\" src=\"https:\/\/f6kmf.fr\/wp-content\/uploads\/2021\/03\/image-1.png\" alt=\"\" class=\"wp-image-1260\" srcset=\"https:\/\/f6kmf.fr\/wp-content\/uploads\/2021\/03\/image-1.png 737w, https:\/\/f6kmf.fr\/wp-content\/uploads\/2021\/03\/image-1-300x286.png 300w\" sizes=\"auto, (max-width: 737px) 100vw, 737px\" \/><\/figure>\n\n\n\n<p class=\"has-background has-pale-cyan-blue-background-color\"><strong>Le satellite Delfi-N3xt de retour apr\u00e8s 7 ans de silence !<\/strong><br><br>Delfi-n3Xt est un nanosatellite n\u00e9erlandais de 3,5Kg qui \u00e9tait exploit\u00e9 par l&rsquo;Universit\u00e9 de technologie de Delft. Il a \u00e9t\u00e9 lanc\u00e9 le 21 novembre 2013 et Nils von Storch faisait partie de l&rsquo;\u00e9quipe op\u00e9rationnelle d&rsquo;origine et depuis 7 ans, il est rest\u00e9 \u00e0 l&rsquo;\u00e9coute du bruit ne pouvant abandonner l&rsquo;id\u00e9e que le satellite reviendrait soudainement ce qui arriva le 7 mars !<br><\/p>\n\n\n\n<figure class=\"wp-block-image\"><img loading=\"lazy\" decoding=\"async\" width=\"721\" height=\"519\" src=\"https:\/\/f6kmf.fr\/wp-content\/uploads\/2021\/03\/image-2.png\" alt=\"\" class=\"wp-image-1261\" srcset=\"https:\/\/f6kmf.fr\/wp-content\/uploads\/2021\/03\/image-2.png 721w, https:\/\/f6kmf.fr\/wp-content\/uploads\/2021\/03\/image-2-300x216.png 300w\" sizes=\"auto, (max-width: 721px) 100vw, 721px\" \/><\/figure>\n\n\n\n<p class=\"has-background has-pale-pink-background-color\"><strong>Incroyable ce qui circule au dessus de nos t\u00eates \u2026\u2026<\/strong><br><br>Visitez le site <a href=\"https:\/\/satmap.space\/\">https:\/\/satmap.space\/<\/a> et regardez &#8230;. impressionnant !<br><\/p>\n\n\n\n<figure class=\"wp-block-image\"><img loading=\"lazy\" decoding=\"async\" width=\"799\" height=\"494\" src=\"https:\/\/f6kmf.fr\/wp-content\/uploads\/2021\/03\/image-3.png\" alt=\"\" class=\"wp-image-1266\" srcset=\"https:\/\/f6kmf.fr\/wp-content\/uploads\/2021\/03\/image-3.png 799w, https:\/\/f6kmf.fr\/wp-content\/uploads\/2021\/03\/image-3-300x185.png 300w, https:\/\/f6kmf.fr\/wp-content\/uploads\/2021\/03\/image-3-768x475.png 768w\" sizes=\"auto, (max-width: 799px) 100vw, 799px\" \/><\/figure>\n\n\n\n<p class=\"has-background has-pale-cyan-blue-background-color\"><strong>60 nouveaux satellites Starlink en orbite depuis le 4 mars.<\/strong><br><br>Le 4 mars, 65 minutes apr\u00e8s le d\u00e9collage, le lanceur Falcon 9 a d\u00e9ploy\u00e9 sa charge utile de 60 satellites Starlink. Ce lancement porte le nombre total de satellites \u00e0 1205.<br>Le projet Starlink de la soci\u00e9t\u00e9 am\u00e9ricaine SpaceX pr\u00e9voit le lancement de 12 000 puis 42 000 minisatellites pour offrir un service Internet \u00e0 haut d\u00e9bit partout sur la plan\u00e8te mais surtout destin\u00e9 aux zones les moins dens\u00e9ment peupl\u00e9es n&rsquo;\u00e9tant peu ou pas desservies par un acc\u00e8s internet classique.<br><\/p>\n","protected":false},"excerpt":{"rendered":"<p>ISS probl\u00e8me de c\u00e2ble non r\u00e9solu ! Ce n&rsquo;est pas officiel, mais il semble que le r\u00e9p\u00e9titeur crois\u00e9 de la<\/p>\n","protected":false},"author":4,"featured_media":1259,"comment_status":"open","ping_status":"closed","sticky":false,"template":"","format":"standard","meta":{"colormag_page_container_layout":"default_layout","colormag_page_sidebar_layout":"default_layout","footnotes":""},"categories":[11,8],"tags":[],"class_list":["post-1258","post","type-post","status-publish","format-standard","has-post-thumbnail","hentry","category-activites-radio","category-satellites"],"_links":{"self":[{"href":"https:\/\/f6kmf.fr\/index.php\/wp-json\/wp\/v2\/posts\/1258","targetHints":{"allow":["GET"]}}],"collection":[{"href":"https:\/\/f6kmf.fr\/index.php\/wp-json\/wp\/v2\/posts"}],"about":[{"href":"https:\/\/f6kmf.fr\/index.php\/wp-json\/wp\/v2\/types\/post"}],"author":[{"embeddable":true,"href":"https:\/\/f6kmf.fr\/index.php\/wp-json\/wp\/v2\/users\/4"}],"replies":[{"embeddable":true,"href":"https:\/\/f6kmf.fr\/index.php\/wp-json\/wp\/v2\/comments?post=1258"}],"version-history":[{"count":4,"href":"https:\/\/f6kmf.fr\/index.php\/wp-json\/wp\/v2\/posts\/1258\/revisions"}],"predecessor-version":[{"id":1273,"href":"https:\/\/f6kmf.fr\/index.php\/wp-json\/wp\/v2\/posts\/1258\/revisions\/1273"}],"wp:featuredmedia":[{"embeddable":true,"href":"https:\/\/f6kmf.fr\/index.php\/wp-json\/wp\/v2\/media\/1259"}],"wp:attachment":[{"href":"https:\/\/f6kmf.fr\/index.php\/wp-json\/wp\/v2\/media?parent=1258"}],"wp:term":[{"taxonomy":"category","embeddable":true,"href":"https:\/\/f6kmf.fr\/index.php\/wp-json\/wp\/v2\/categories?post=1258"},{"taxonomy":"post_tag","embeddable":true,"href":"https:\/\/f6kmf.fr\/index.php\/wp-json\/wp\/v2\/tags?post=1258"}],"curies":[{"name":"wp","href":"https:\/\/api.w.org\/{rel}","templated":true}]}}